{"id":210445,"date":"2023-02-16T18:27:27","date_gmt":"2023-02-16T21:27:27","guid":{"rendered":"https:\/\/diarioregionaldigital.com.br\/?p=210445"},"modified":"2023-02-16T18:27:27","modified_gmt":"2023-02-16T21:27:27","slug":"presidente-confirma-aumento-do-salario-minimo-para-r-1-320-em-maio","status":"publish","type":"post","link":"https:\/\/diarioregionaldigital.com.br\/?p=210445","title":{"rendered":"Presidente confirma aumento do sal\u00e1rio m\u00ednimo para R$ 1.320 em maio"},"content":{"rendered":"<p>O presidente Luiz In\u00e1cio Lula da Silva confirmou hoje (16) que o governo vai aumentar o sal\u00e1rio m\u00ednimo para R$ 1.320 em maio. Na mesma ocasi\u00e3o, segundo Lula, deve ser divulgada a nova faixa de isen\u00e7\u00e3o do Imposto de Renda, que passar\u00e1 de R$ 1.903,98 para R$ 2.640.<img decoding=\"async\" src=\"https:\/\/agenciabrasil.ebc.com.br\/ebc.png?id=1510974&amp;o=node\" \/><img decoding=\"async\" src=\"https:\/\/agenciabrasil.ebc.com.br\/ebc.gif?id=1510974&amp;o=node\" \/><\/p>\n<p>Atualmente, o sal\u00e1rio m\u00ednimo est\u00e1 em R$ 1.302, conforme\u00a0<a href=\"https:\/\/agenciabrasil.ebc.com.br\/economia\/noticia\/2022-12\/salario-minimo-sobe-para-r-1302-em-1o-de-janeiro\" target=\"_blank\" rel=\"noopener\">medida provis\u00f3ria editada em meados de dezembro<\/a>\u00a0pelo governo anterior. Esse valor considera a varia\u00e7\u00e3o da infla\u00e7\u00e3o medida pelo \u00cdndice Nacional de Pre\u00e7os ao Consumidor (INPC), acrescido de ganho real de aproximadamente 1,4%.<\/p>\n<p>Entretanto, o valor aprovado pelo Congresso Nacional no\u00a0<a href=\"https:\/\/agenciabrasil.ebc.com.br\/politica\/noticia\/2022-12\/congresso-aprova-orcamento-com-salario-minimo-de-r1320-para-2023\" target=\"_blank\" rel=\"noopener\">Or\u00e7amento Geral da Uni\u00e3o de 2023 \u00e9 de R$ 1.320<\/a>, mas, para entrar em vigor, depende de uma nova medida provis\u00f3ria do Executivo. A preocupa\u00e7\u00e3o do governo \u00e9 com a insufici\u00eancia de recursos para bancar o novo valor e\u00a0<a href=\"https:\/\/agenciabrasil.ebc.com.br\/economia\/noticia\/2023-01\/salario-minimo-de-r-1320-sera-negociado-com-centrais-sindicais\" target=\"_blank\" rel=\"noopener\">uma proposta est\u00e1 sendo negociada pela equipe econ\u00f4mica<\/a>.<\/p>\n<p>Apesar de a Emenda Constitucional da Transi\u00e7\u00e3o ter assegurado R$ 6,8 bilh\u00f5es para o sal\u00e1rio m\u00ednimo de R$ 1.320, a forte libera\u00e7\u00e3o de aposentadorias e pens\u00f5es do Instituto Nacional do Seguro Social (INSS) nos \u00faltimos meses do ano passado resultou em um impacto fiscal maior que o previsto. V\u00e1rios benef\u00edcios sociais e trabalhistas, como o seguro-desemprego, abono do PIS\/Pasep, o Benef\u00edcio de Presta\u00e7\u00e3o Continuada (BPC) e outros, tamb\u00e9m s\u00e3o atrelados ao piso nacional, devendo ser corrigidos.<\/p>\n<p>\u201cEstamos aumentando o sal\u00e1rio m\u00ednimo para R$ 1.320 em maio e vamos recuperar a regra em que o sal\u00e1rio, al\u00e9m da reposi\u00e7\u00e3o inflacion\u00e1ria, ter\u00e1 o crescimento do PIB, porque \u00e9 a forma mais justa de distribuir o crescimento da economia\u201d, escreveu, em publica\u00e7\u00e3o nas redes sociais.<\/p>\n<p>Para o presidente o sal\u00e1rio m\u00ednimo precisa subir de acordo com o crescimento da economia, em equival\u00eancia ao aumento do Produto Interno Bruto (PIB, soma de bens e servi\u00e7os produzidos no pa\u00eds). Para isso, em janeiro, instituiu um grupo de trabalho para a elabora\u00e7\u00e3o de uma\u00a0<a href=\"https:\/\/agenciabrasil.ebc.com.br\/politica\/noticia\/2023-01\/minimo-tem-que-subir-de-acordo-com-o-crescimento-da-economia-diz-lula\" target=\"_blank\" rel=\"noopener\">proposta que trata da Pol\u00edtica de Valoriza\u00e7\u00e3o do Sal\u00e1rio M\u00ednimo<\/a>, que trar\u00e1 uma f\u00f3rmula de c\u00e1lculo permanente para o piso nacional.<\/p>\n<p>Em 2007, durante o primeiro governo Lula, foi pactuada uma pol\u00edtica de valoriza\u00e7\u00e3o, que foi abandonada em 2019. Ela previa o reajuste do sal\u00e1rio m\u00ednimo contemplando o INPC do ano anterior mais o PIB de 2 anos antes.<\/p>\n<p>Segundo o Departamento Intersindical de Estat\u00edsticas e Estudos Socioecon\u00f4micos (Dieese), em janeiro de 2023 o sal\u00e1rio m\u00ednimo necess\u00e1rio para satisfazer as necessidades b\u00e1sicas (alimenta\u00e7\u00e3o, moradia, vestu\u00e1rio, educa\u00e7\u00e3o, higiene, transporte, lazer e previd\u00eancia) de uma fam\u00edlia com quatro pessoas deveria ser de R$ 6.641,58.<\/p>\n<h2>Imposto de renda<\/h2>\n<p>Tamb\u00e9m pelas redes sociais, Lula confirmou o\u00a0<a href=\"http:\/\/[https:\/\/agenciabrasil.ebc.com.br\/politica\/noticia\/2023-01\/e-preciso-colocar-o-rico-no-imposto-de-renda-diz-lula\" target=\"_blank\" rel=\"noopener\">reajuste da tabela do imposto (IR) de renda<\/a>. Segundo o presidente, a faixa de isen\u00e7\u00e3o passar\u00e1 de R$ 1.903,98 para R$ 2.640 e progredir\u00e1 at\u00e9 chegar a R$ 5 mil.<\/p>\n<p>A falta de corre\u00e7\u00e3o da tabela nos \u00faltimos anos vai fazer com que, em 2023, pessoas que recebem um sal\u00e1rio m\u00ednimo e meio tenham de pagar imposto pela primeira vez. A \u00faltima atualiza\u00e7\u00e3o foi feita em 2015. Com o valor do m\u00ednimo em R$ 1.302, quem ganha um sal\u00e1rio e meio ganha R$ 1.953, acima, portanto, da faixa de isen\u00e7\u00e3o.<\/p>\n<p>A corre\u00e7\u00e3o da tabela do imposto de renda \u00e9 um dos pontos centrais na agenda econ\u00f4mica do novo governo e promessa de campanha de Lula. Nesta semana, o ministro da Fazenda, Fernando Haddad, informou que a pasta j\u00e1 finalizou a proposta para o\u00a0<a href=\"https:\/\/agenciabrasil.ebc.com.br\/economia\/noticia\/2023-02\/fazenda-finaliza-proposta-para-correcao-da-tabela-do-imposto-de-renda\" target=\"_blank\" rel=\"noopener\">reajuste do IR<\/a>.<\/p>\n<p>\u201cE vamos come\u00e7ar a isentar o imposto de renda a partir de R$ 2.640. E vamos ir progredindo at\u00e9 chegar aos R$ 5 mil. Quando a gente vai discutir imposto de renda, a gente percebe que quem ganha R$ 6 mil paga mais proporcionalmente do que quem recebe mais\u201d, escreveu o presidente.<\/p>\n<p><span style=\"font-weight: 400;\">Fonte: Ag\u00eancia Brasil <\/span><\/p>\n","protected":false},"excerpt":{"rendered":"<p>O presidente Luiz In\u00e1cio Lula da Silva confirmou hoje (16) que o governo vai aumentar o sal\u00e1rio m\u00ednimo para R$ 1.320 em maio. Na mesma ocasi\u00e3o, segundo Lula, deve ser divulgada a nova faixa de isen\u00e7\u00e3o do Imposto de Renda, que passar\u00e1 de R$ 1.903,98 para R$ 2.640. Atualmente, o sal\u00e1rio m\u00ednimo est\u00e1 em R$ [&hellip;]<\/p>\n","protected":false},"author":246,"featured_media":210446,"comment_status":"closed","ping_status":"closed","sticky":false,"template":"","format":"standard","meta":{"footnotes":""},"categories":[436,440,254,439],"tags":[],"class_list":["post-210445","post","type-post","status-publish","format-standard","has-post-thumbnail","hentry","category-destaque-da-semana","category-destaques-do-dia","category-politica","category-ultima-hora"],"_links":{"self":[{"href":"https:\/\/diarioregionaldigital.com.br\/index.php?rest_route=\/wp\/v2\/posts\/210445","targetHints":{"allow":["GET"]}}],"collection":[{"href":"https:\/\/diarioregionaldigital.com.br\/index.php?rest_route=\/wp\/v2\/posts"}],"about":[{"href":"https:\/\/diarioregionaldigital.com.br\/index.php?rest_route=\/wp\/v2\/types\/post"}],"author":[{"embeddable":true,"href":"https:\/\/diarioregionaldigital.com.br\/index.php?rest_route=\/wp\/v2\/users\/246"}],"replies":[{"embeddable":true,"href":"https:\/\/diarioregionaldigital.com.br\/index.php?rest_route=%2Fwp%2Fv2%2Fcomments&post=210445"}],"version-history":[{"count":1,"href":"https:\/\/diarioregionaldigital.com.br\/index.php?rest_route=\/wp\/v2\/posts\/210445\/revisions"}],"predecessor-version":[{"id":210447,"href":"https:\/\/diarioregionaldigital.com.br\/index.php?rest_route=\/wp\/v2\/posts\/210445\/revisions\/210447"}],"wp:featuredmedia":[{"embeddable":true,"href":"https:\/\/diarioregionaldigital.com.br\/index.php?rest_route=\/wp\/v2\/media\/210446"}],"wp:attachment":[{"href":"https:\/\/diarioregionaldigital.com.br\/index.php?rest_route=%2Fwp%2Fv2%2Fmedia&parent=210445"}],"wp:term":[{"taxonomy":"category","embeddable":true,"href":"https:\/\/diarioregionaldigital.com.br\/index.php?rest_route=%2Fwp%2Fv2%2Fcategories&post=210445"},{"taxonomy":"post_tag","embeddable":true,"href":"https:\/\/diarioregionaldigital.com.br\/index.php?rest_route=%2Fwp%2Fv2%2Ftags&post=210445"}],"curies":[{"name":"wp","href":"https:\/\/api.w.org\/{rel}","templated":true}]}}