{"id":210442,"date":"2023-02-16T18:20:59","date_gmt":"2023-02-16T21:20:59","guid":{"rendered":"https:\/\/diarioregionaldigital.com.br\/?p=210442"},"modified":"2023-02-16T18:20:59","modified_gmt":"2023-02-16T21:20:59","slug":"producao-e-emprego-da-industria-recuam-em-janeiro-mostra-cni","status":"publish","type":"post","link":"https:\/\/diarioregionaldigital.com.br\/?p=210442","title":{"rendered":"Produ\u00e7\u00e3o e emprego da ind\u00fastria recuam em janeiro, mostra CNI"},"content":{"rendered":"<p>Levantamento feito pela Confedera\u00e7\u00e3o Nacional da Ind\u00fastria (CNI), divulgado hoje (16), apontou queda, em janeiro, da produ\u00e7\u00e3o e do emprego em janeiro de 2023, mas manteve a sinaliza\u00e7\u00e3o de estabilidade da utiliza\u00e7\u00e3o da capacidade instalada (UCI). Os dados se referem \u00e0 compara\u00e7\u00e3o com dezembro de 2022.<img decoding=\"async\" src=\"https:\/\/agenciabrasil.ebc.com.br\/ebc.png?id=1510931&amp;o=node\" \/><img decoding=\"async\" src=\"https:\/\/agenciabrasil.ebc.com.br\/ebc.gif?id=1510931&amp;o=node\" \/><\/p>\n<p>Segundo a CNI, esse comportamento \u00e9 pr\u00f3ximo ao esperado para um m\u00eas de janeiro, com os indicadores permanecendo pr\u00f3ximos \u00e0s suas m\u00e9dias para o per\u00edodo.<\/p>\n<p>A confedera\u00e7\u00e3o disse que, em janeiro, o \u00edndice de evolu\u00e7\u00e3o da produ\u00e7\u00e3o ficou em 46,1 pontos, abaixo da linha divis\u00f3ria de 50 pontos. O indicador varia de 0 a 100 e quanto mais distante da linha de corte, em dire\u00e7\u00e3o ao zero, maior e mais disseminado \u00e9 o recuo. Em dezembro do ano passado, o indicador ficou em 42,8 pontos.<\/p>\n<p>\u201cEmbora tenha registrado queda na produ\u00e7\u00e3o, o \u00edndice avan\u00e7ou 3,3 pontos em janeiro, indicando que a queda foi menos disseminada do que a registrada em dezembro\u201d, disse a CNI.<\/p>\n<p>Para as pequenas empresas, esse indicador ficou no m\u00eas de janeiro em 40,7 pontos. Nas m\u00e9dias empresas, o \u00edndice registrado foi 45,5 pontos e, nas grandes, 49 pontos.<\/p>\n<h2>Emprego<\/h2>\n<p>Em rela\u00e7\u00e3o ao emprego industrial, o levantamento registrou queda na passagem de dezembro de 2022 para janeiro de 2023, comportamento que, segundo a CNI, \u00e9 usual para o per\u00edodo. O \u00edndice de evolu\u00e7\u00e3o do n\u00famero de empregados foi 47,8 pontos, o que corresponde a uma diminui\u00e7\u00e3o de 0,9 ponto na passagem de dezembro para janeiro.<\/p>\n<p>\u201cO resultado est\u00e1 abaixo da linha divis\u00f3ria dos 50 pontos desde outubro de 2023, indicando que a percep\u00e7\u00e3o de queda do emprego industrial que marcou o \u00faltimo trimestre de 2022 se manteve no in\u00edcio de 2023\u201d, disse a confedera\u00e7\u00e3o.<\/p>\n<h2>Capacidade de produ\u00e7\u00e3o<\/h2>\n<p>Em rela\u00e7\u00e3o \u00e0 utiliza\u00e7\u00e3o da capacidade instalada (UCI), o indicador apontou estabilidade na compara\u00e7\u00e3o com dezembro de 2022, ficando em 67%. A CNI disse que esse resultado indica uma desacelera\u00e7\u00e3o, ap\u00f3s a ind\u00fastria registrar atividade mais forte que o habitual em 2022.<\/p>\n<p>\u201cO \u00edndice de utiliza\u00e7\u00e3o da capacidade instalada efetiva em rela\u00e7\u00e3o ao usual registrou 42,5 pontos em janeiro, o que equivale a um leve avan\u00e7o de 0,3 ponto, em rela\u00e7\u00e3o ao m\u00eas anterior. Na compara\u00e7\u00e3o com dezembro de 2022, o \u00edndice mostra estabilidade, situando-se pr\u00f3ximo \u00e0 m\u00e9dia para meses de janeiro (42,3 pontos)\u201d, disse a CNI.<\/p>\n<h2>Estoques<\/h2>\n<p>Em janeiro, o \u00edndice de evolu\u00e7\u00e3o do n\u00edvel de estoques foi 49,8 pontos, ficando pouco abaixo da linha divis\u00f3ria de 50 pontos, indicando pequena queda dos estoques em rela\u00e7\u00e3o a dezembro de 2022.<\/p>\n<p>O \u00edndice do n\u00edvel de estoque efetivo em rela\u00e7\u00e3o ao planejado registrou 51,6 pontos em janeiro, o que significa que indicador est\u00e1 acima do n\u00edvel planejado pelas empresas. Desde julho de 2022, os resultados desse \u00edndice se encontram acima dos 50 pontos, mostrando a persist\u00eancia dos estoques acima do planejado.<\/p>\n<h2>Expectativas<\/h2>\n<p>A CNI disse ainda que para fevereiro de 2023, todos os \u00edndices de expectativas aumentaram, mostrando maior otimismo dos empres\u00e1rios com expectativas de crescimento para os pr\u00f3ximos seis meses.<\/p>\n<p>\u201cAp\u00f3s piora das expectativas dos empres\u00e1rios em novembro e dezembro de 2022, os dois primeiros meses de 2023 registraram recupera\u00e7\u00e3o das expectativas\u201d, disse a entidade.<\/p>\n<p>Para o levantamento, a CNI consultou 1.646 empresas, entre pequenas, m\u00e9dias e grandes, entre o per\u00edodo de 1\u00ba a 9 de fevereiro.<\/p>\n<p><span style=\"font-weight: 400;\">Fonte: Ag\u00eancia Brasil <\/span><\/p>\n","protected":false},"excerpt":{"rendered":"<p>Levantamento feito pela Confedera\u00e7\u00e3o Nacional da Ind\u00fastria (CNI), divulgado hoje (16), apontou queda, em janeiro, da produ\u00e7\u00e3o e do emprego em janeiro de 2023, mas manteve a sinaliza\u00e7\u00e3o de estabilidade da utiliza\u00e7\u00e3o da capacidade instalada (UCI). Os dados se referem \u00e0 compara\u00e7\u00e3o com dezembro de 2022. Segundo a CNI, esse comportamento \u00e9 pr\u00f3ximo ao esperado [&hellip;]<\/p>\n","protected":false},"author":246,"featured_media":210443,"comment_status":"closed","ping_status":"closed","sticky":false,"template":"","format":"standard","meta":{"footnotes":""},"categories":[436,261,439],"tags":[],"class_list":["post-210442","post","type-post","status-publish","format-standard","has-post-thumbnail","hentry","category-destaque-da-semana","category-economia","category-ultima-hora"],"_links":{"self":[{"href":"https:\/\/diarioregionaldigital.com.br\/index.php?rest_route=\/wp\/v2\/posts\/210442","targetHints":{"allow":["GET"]}}],"collection":[{"href":"https:\/\/diarioregionaldigital.com.br\/index.php?rest_route=\/wp\/v2\/posts"}],"about":[{"href":"https:\/\/diarioregionaldigital.com.br\/index.php?rest_route=\/wp\/v2\/types\/post"}],"author":[{"embeddable":true,"href":"https:\/\/diarioregionaldigital.com.br\/index.php?rest_route=\/wp\/v2\/users\/246"}],"replies":[{"embeddable":true,"href":"https:\/\/diarioregionaldigital.com.br\/index.php?rest_route=%2Fwp%2Fv2%2Fcomments&post=210442"}],"version-history":[{"count":1,"href":"https:\/\/diarioregionaldigital.com.br\/index.php?rest_route=\/wp\/v2\/posts\/210442\/revisions"}],"predecessor-version":[{"id":210444,"href":"https:\/\/diarioregionaldigital.com.br\/index.php?rest_route=\/wp\/v2\/posts\/210442\/revisions\/210444"}],"wp:featuredmedia":[{"embeddable":true,"href":"https:\/\/diarioregionaldigital.com.br\/index.php?rest_route=\/wp\/v2\/media\/210443"}],"wp:attachment":[{"href":"https:\/\/diarioregionaldigital.com.br\/index.php?rest_route=%2Fwp%2Fv2%2Fmedia&parent=210442"}],"wp:term":[{"taxonomy":"category","embeddable":true,"href":"https:\/\/diarioregionaldigital.com.br\/index.php?rest_route=%2Fwp%2Fv2%2Fcategories&post=210442"},{"taxonomy":"post_tag","embeddable":true,"href":"https:\/\/diarioregionaldigital.com.br\/index.php?rest_route=%2Fwp%2Fv2%2Ftags&post=210442"}],"curies":[{"name":"wp","href":"https:\/\/api.w.org\/{rel}","templated":true}]}}