{"id":210439,"date":"2023-02-16T18:19:28","date_gmt":"2023-02-16T21:19:28","guid":{"rendered":"https:\/\/diarioregionaldigital.com.br\/?p=210439"},"modified":"2023-02-16T18:19:28","modified_gmt":"2023-02-16T21:19:28","slug":"acionistas-das-americanas-propoem-aporte-de-r-7-bilhoes","status":"publish","type":"post","link":"https:\/\/diarioregionaldigital.com.br\/?p=210439","title":{"rendered":"Acionistas das Americanas prop\u00f5em aporte de R$ 7 bilh\u00f5es"},"content":{"rendered":"<p>Os acionistas de refer\u00eancia das Americanas, Jorge Paulo Lemann, Alberto Sicupira e Marcel Telles, propuseram\u00a0hoje\u00a0(16) aos credores financeiros do grupo um acordo que prev\u00ea aporte de capital em dinheiro de R$ 7 bilh\u00f5es. Segundo fato relevante divulgado ao mercado, ap\u00f3s a reuni\u00e3o do grupo, pela Comiss\u00e3o de Valores Mobili\u00e1rios (CVM), n\u00e3o houve\u00a0acordo.<img decoding=\"async\" src=\"https:\/\/agenciabrasil.ebc.com.br\/ebc.png?id=1511034&amp;o=node\" \/><img decoding=\"async\" src=\"https:\/\/agenciabrasil.ebc.com.br\/ebc.gif?id=1511034&amp;o=node\" \/><\/p>\n<p>O Grupo Americanas teve\u00a0<a href=\"https:\/\/agenciabrasil.ebc.com.br\/economia\/noticia\/2023-01\/justica-aceita-pedido-de-recuperacao-judicial-das-americanas\" target=\"_blank\" rel=\"noopener\">pedido de recupera\u00e7\u00e3o judicial<\/a>\u00a0aceito pela 4\u00aa Vara Empresarial do Rio\u00a0de Janeiro\u00a0no m\u00eas passado, ap\u00f3s inconsist\u00eancias cont\u00e1beis alegadas pelo grupo terem gerado um montante de mais de R$ 40 bilh\u00f5es em d\u00edvidas.<\/p>\n<p>A tentativa de acordo foi apresentada aos bancos e outros credores financeiros pela Rothschild &amp; Co, assessoria contratada para interagir com credores. O trio de bilion\u00e1rios aumentaria seu capital na companhia com o aporte, que\u00a0considera\u00a0um financiamento\u00a0de R$ 2 bilh\u00f5es j\u00e1 captado, que tamb\u00e9m seria convertido em capital.<\/p>\n<p>A proposta inclu\u00eda ainda recompra de d\u00edvida por parte da companhia da ordem de R$12 bilh\u00f5es e a convers\u00e3o de d\u00edvidas financeiras no montante total de cerca de R$ 18 bilh\u00f5es de reais, parte em capital e parte em d\u00edvida subordinada.<\/p>\n<p><span style=\"font-weight: 400;\">Fonte: Ag\u00eancia Brasil <\/span><\/p>\n","protected":false},"excerpt":{"rendered":"<p>Os acionistas de refer\u00eancia das Americanas, Jorge Paulo Lemann, Alberto Sicupira e Marcel Telles, propuseram\u00a0hoje\u00a0(16) aos credores financeiros do grupo um acordo que prev\u00ea aporte de capital em dinheiro de R$ 7 bilh\u00f5es. Segundo fato relevante divulgado ao mercado, ap\u00f3s a reuni\u00e3o do grupo, pela Comiss\u00e3o de Valores Mobili\u00e1rios (CVM), n\u00e3o houve\u00a0acordo. O Grupo Americanas [&hellip;]<\/p>\n","protected":false},"author":246,"featured_media":210440,"comment_status":"closed","ping_status":"closed","sticky":false,"template":"","format":"standard","meta":{"footnotes":""},"categories":[436,261,439],"tags":[],"class_list":["post-210439","post","type-post","status-publish","format-standard","has-post-thumbnail","hentry","category-destaque-da-semana","category-economia","category-ultima-hora"],"_links":{"self":[{"href":"https:\/\/diarioregionaldigital.com.br\/index.php?rest_route=\/wp\/v2\/posts\/210439","targetHints":{"allow":["GET"]}}],"collection":[{"href":"https:\/\/diarioregionaldigital.com.br\/index.php?rest_route=\/wp\/v2\/posts"}],"about":[{"href":"https:\/\/diarioregionaldigital.com.br\/index.php?rest_route=\/wp\/v2\/types\/post"}],"author":[{"embeddable":true,"href":"https:\/\/diarioregionaldigital.com.br\/index.php?rest_route=\/wp\/v2\/users\/246"}],"replies":[{"embeddable":true,"href":"https:\/\/diarioregionaldigital.com.br\/index.php?rest_route=%2Fwp%2Fv2%2Fcomments&post=210439"}],"version-history":[{"count":1,"href":"https:\/\/diarioregionaldigital.com.br\/index.php?rest_route=\/wp\/v2\/posts\/210439\/revisions"}],"predecessor-version":[{"id":210441,"href":"https:\/\/diarioregionaldigital.com.br\/index.php?rest_route=\/wp\/v2\/posts\/210439\/revisions\/210441"}],"wp:featuredmedia":[{"embeddable":true,"href":"https:\/\/diarioregionaldigital.com.br\/index.php?rest_route=\/wp\/v2\/media\/210440"}],"wp:attachment":[{"href":"https:\/\/diarioregionaldigital.com.br\/index.php?rest_route=%2Fwp%2Fv2%2Fmedia&parent=210439"}],"wp:term":[{"taxonomy":"category","embeddable":true,"href":"https:\/\/diarioregionaldigital.com.br\/index.php?rest_route=%2Fwp%2Fv2%2Fcategories&post=210439"},{"taxonomy":"post_tag","embeddable":true,"href":"https:\/\/diarioregionaldigital.com.br\/index.php?rest_route=%2Fwp%2Fv2%2Ftags&post=210439"}],"curies":[{"name":"wp","href":"https:\/\/api.w.org\/{rel}","templated":true}]}}