{"id":210433,"date":"2023-02-16T18:16:17","date_gmt":"2023-02-16T21:16:17","guid":{"rendered":"https:\/\/diarioregionaldigital.com.br\/?p=210433"},"modified":"2023-02-16T18:16:17","modified_gmt":"2023-02-16T21:16:17","slug":"atividade-economica-tem-alta-de-29-em-2022","status":"publish","type":"post","link":"https:\/\/diarioregionaldigital.com.br\/?p=210433","title":{"rendered":"Atividade econ\u00f4mica tem alta de 2,9% em 2022"},"content":{"rendered":"<p>A atividade econ\u00f4mica brasileira registrou alta de 2,9% em 2022, de acordo com dados divulgados hoje (16) pelo\u00a0Banco Central (BC). O resultado aponta desacelera\u00e7\u00e3o da economia em rela\u00e7\u00e3o \u00e0 expans\u00e3o de 4,6% do Produto Interno Bruto (PIB, a soma dos bens e servi\u00e7os produzidos no pa\u00eds) em 2021.<img decoding=\"async\" src=\"https:\/\/agenciabrasil.ebc.com.br\/ebc.png?id=1510934&amp;o=node\" \/><img decoding=\"async\" src=\"https:\/\/agenciabrasil.ebc.com.br\/ebc.gif?id=1510934&amp;o=node\" \/><\/p>\n<p>O \u00cdndice de Atividade Econ\u00f4mica do Banco Central (IBC-Br) \u00e9 uma forma de avaliar a evolu\u00e7\u00e3o da atividade econ\u00f4mica do pa\u00eds e ajuda o \u00f3rg\u00e3o a tomar decis\u00f5es sobre a taxa b\u00e1sica de juros, a Selic, definida atualmente em 13,75% ao ano. O \u00edndice incorpora informa\u00e7\u00f5es sobre o n\u00edvel de atividade dos tr\u00eas setores da economia \u2013 a ind\u00fastria, o com\u00e9rcio e os servi\u00e7os e agropecu\u00e1ria \u2013, al\u00e9m do volume de impostos.<\/p>\n<p>Entretanto, o indicador oficial da economia brasileira \u00e9 o Produto Interno Bruto, calculado pelo Instituto Brasileiro de Geografia e Estat\u00edstica (IBGE). O PIB de 2022 ser\u00e1 divulgado em\u00a02 de mar\u00e7o.<\/p>\n<p>Em 2021, o PIB do Brasil cresceu 4,6%, totalizando R$ 8,7 trilh\u00f5es. At\u00e9 o terceiro trimestre de 2022, o indicador avan\u00e7ou 3,2%.<\/p>\n<h2>Dados\u00a0de dezembro<\/h2>\n<p>O IBC-Br\u00a0de dezembro\u00a0teve aumento de 0,29% em rela\u00e7\u00e3o ao m\u00eas anterior, de acordo com os dados dessazonalizados (ajustados para o per\u00edodo). Na compara\u00e7\u00e3o com dezembro de 2021, houve crescimento de 1,42% (sem ajuste para o per\u00edodo, j\u00e1 que a compara\u00e7\u00e3o \u00e9 entre meses iguais).<\/p>\n<p>Em 2022, os resultados do IBC-Br mantiveram trajet\u00f3ria de alta, com pequenas oscila\u00e7\u00f5es at\u00e9 o m\u00eas\u00a0de julho, quando passou a cair. Em dezembro, o \u00edndice fechou em 143,62 pontos.<\/p>\n<p><span style=\"font-weight: 400;\">Fonte: Ag\u00eancia Brasil <\/span><\/p>\n","protected":false},"excerpt":{"rendered":"<p>A atividade econ\u00f4mica brasileira registrou alta de 2,9% em 2022, de acordo com dados divulgados hoje (16) pelo\u00a0Banco Central (BC). O resultado aponta desacelera\u00e7\u00e3o da economia em rela\u00e7\u00e3o \u00e0 expans\u00e3o de 4,6% do Produto Interno Bruto (PIB, a soma dos bens e servi\u00e7os produzidos no pa\u00eds) em 2021. O \u00cdndice de Atividade Econ\u00f4mica do Banco [&hellip;]<\/p>\n","protected":false},"author":246,"featured_media":210434,"comment_status":"closed","ping_status":"closed","sticky":false,"template":"","format":"standard","meta":{"footnotes":""},"categories":[436,440,261,439],"tags":[],"class_list":["post-210433","post","type-post","status-publish","format-standard","has-post-thumbnail","hentry","category-destaque-da-semana","category-destaques-do-dia","category-economia","category-ultima-hora"],"_links":{"self":[{"href":"https:\/\/diarioregionaldigital.com.br\/index.php?rest_route=\/wp\/v2\/posts\/210433","targetHints":{"allow":["GET"]}}],"collection":[{"href":"https:\/\/diarioregionaldigital.com.br\/index.php?rest_route=\/wp\/v2\/posts"}],"about":[{"href":"https:\/\/diarioregionaldigital.com.br\/index.php?rest_route=\/wp\/v2\/types\/post"}],"author":[{"embeddable":true,"href":"https:\/\/diarioregionaldigital.com.br\/index.php?rest_route=\/wp\/v2\/users\/246"}],"replies":[{"embeddable":true,"href":"https:\/\/diarioregionaldigital.com.br\/index.php?rest_route=%2Fwp%2Fv2%2Fcomments&post=210433"}],"version-history":[{"count":1,"href":"https:\/\/diarioregionaldigital.com.br\/index.php?rest_route=\/wp\/v2\/posts\/210433\/revisions"}],"predecessor-version":[{"id":210435,"href":"https:\/\/diarioregionaldigital.com.br\/index.php?rest_route=\/wp\/v2\/posts\/210433\/revisions\/210435"}],"wp:featuredmedia":[{"embeddable":true,"href":"https:\/\/diarioregionaldigital.com.br\/index.php?rest_route=\/wp\/v2\/media\/210434"}],"wp:attachment":[{"href":"https:\/\/diarioregionaldigital.com.br\/index.php?rest_route=%2Fwp%2Fv2%2Fmedia&parent=210433"}],"wp:term":[{"taxonomy":"category","embeddable":true,"href":"https:\/\/diarioregionaldigital.com.br\/index.php?rest_route=%2Fwp%2Fv2%2Fcategories&post=210433"},{"taxonomy":"post_tag","embeddable":true,"href":"https:\/\/diarioregionaldigital.com.br\/index.php?rest_route=%2Fwp%2Fv2%2Ftags&post=210433"}],"curies":[{"name":"wp","href":"https:\/\/api.w.org\/{rel}","templated":true}]}}