{"id":210424,"date":"2023-02-16T02:31:55","date_gmt":"2023-02-16T05:31:55","guid":{"rendered":"https:\/\/diarioregionaldigital.com.br\/?p=210424"},"modified":"2023-02-16T02:31:55","modified_gmt":"2023-02-16T05:31:55","slug":"banda-daki-interdita-a-av-rio-branco-neste-sabado-18","status":"publish","type":"post","link":"https:\/\/diarioregionaldigital.com.br\/?p=210424","title":{"rendered":"Banda Daki interdita a Av. Rio Branco neste s\u00e1bado, 18"},"content":{"rendered":"<p>Segundo informa\u00e7\u00f5es do site da Prefeitura de Juiz de Fora (PJF), no hor\u00e1rio entre 10h e 18h, deste s\u00e1bado 18, a Avenida Rio Branco ter\u00e1 suas tr\u00eas pistas interditadas entre as ruas Benjamin Constant e Silva Jardim para a realiza\u00e7\u00e3o da tradicional Banda Daki, que este ano se apresenta parada no Largo do Riachuelo. A Secretaria de Mobilidade Urbana (SMU) montou um esquema especial de altera\u00e7\u00e3o do tr\u00e1fego, que ser\u00e1 operacionalizado no dia pela equipe de agentes de tr\u00e2nsito. O transporte p\u00fablico ser\u00e1 desviado para as avenidas Get\u00falio Vargas e Francisco Bernardino e v\u00e1rios pontos de \u00f4nibus da Rio Branco ser\u00e3o desativados durante o evento carnavalesco.<br \/>\nEntre as altera\u00e7\u00f5es no tr\u00e2nsito, a Rua Rei Alberto ter\u00e1 o sentido invertido temporariamente, ficando a circula\u00e7\u00e3o no sentido da Santo Ant\u00f4nio para a Rio Branco. A Rua Benjamin Constant ficar\u00e1 fechada entre a Rua Roberto de Barros e a Rua Santo Ant\u00f4nio e a Silva Jardim ter\u00e1 interdi\u00e7\u00e3o entre a Santo Ant\u00f4nio e Avenida dos Andradas. Esta \u00faltima tamb\u00e9m ser\u00e1 interditada no trecho ao lado do Largo do Riachuelo.<\/p>\n<p>&nbsp;<\/p>\n<p>As linhas do transporte coletivo que passam pela Avenida Rio Branco no sentido Manoel Hon\u00f3rio\/Bom Pastor ser\u00e3o desviadas a partir da Rua Bar\u00e3o de Cataguases para a Rua Roberto de Barros, Rua Jarbas de Lery dos Santos, Av. Get\u00falio Vargas, Av. Itamar Franco, Rua Santo Ant\u00f4nio, Rua Rei Alberto e retornam para a Rio Branco pela pista lateral e prosseguem com o itiner\u00e1rio normal. J\u00e1 os coletivos que seguem do Manoel Hon\u00f3rio somente at\u00e9 o Centro, ser\u00e3o desviados para Rua Silva Jardim para a Rua Roberto de Barros, Rua Jarbas de Lery dos Santos, Av. Get\u00falio Vargas, Avenida Francisco Bernardino, Avenida Rio Branco e continuam no itiner\u00e1rio normal.<\/p>\n<p>&nbsp;<\/p>\n<p>Os coletivos que seguem no sentido Bom Pastor\/Manoel Hon\u00f3rio acessam a pista lateral da Rio Branco a partir da Av. Proc\u00f3pio Teixeira, seguem pelas avenidas Itamar Franco e Francisco Bernardino, at\u00e9 retornarem a Rio Branco e prosseguirem o itiner\u00e1rio tradicional.<\/p>\n<p>&nbsp;<\/p>\n<p>J\u00e1 os \u00f4nibus que t\u00eam origem da Zona Sul somente at\u00e9 o Centro, ap\u00f3s a Francisco Bernardino, acessam a Roberto de Barros, Rua Jarbas de Lery dos Santos, Av. Get\u00falio Vargas, Av. Itamar Franco, Rua Santo Ant\u00f4nio, Rua Rei Alberto e retornam para a Rio Branco pela pista lateral, prosseguindo com o itiner\u00e1rio di\u00e1rio.<\/p>\n<p>&nbsp;<\/p>\n<p>Ainda haver\u00e1 desvios tamb\u00e9m para os \u00f4nibus que seguem da Avenida dos Andradas e normalmente circulariam pela Avenida Rio Branco no sentido Bom Pastor. Estas linhas seguem direto pela Rua Silva Jardim, Rua Roberto de Barros, Rua Jarbas de Lery dos Santos, Av. Get\u00falio Vargas, Av. Itamar Franco, Rua Santo Ant\u00f4nio, Rua Rei Alberto e retornam para a Rio Branco pela pista lateral. J\u00e1 as linhas que retornam sentido bairro pela Av. dos Andradas n\u00e3o sofrem altera\u00e7\u00e3o de itiner\u00e1rio.<\/p>\n<p>&nbsp;<\/p>\n<p>A SMU ressalta que os \u00f4nibus da Zona Norte v\u00e3o utilizar a pista lateral da Av. Rio Branco a Rua Marechal Setembrino, e n\u00e3o o Viaduto Helio F\u00e1del de Ara\u00fajo para acessar a Av. Brasil, devido a interdi\u00e7\u00e3o da Passarela do Samba a partir deste s\u00e1bado, 18.<\/p>\n<p>&nbsp;<\/p>\n<p><strong>Confira abaixo como ficam os pontos de \u00f4nibus com a altera\u00e7\u00e3o do trajeto:<\/strong><\/p>\n<p>&nbsp;<\/p>\n<p><strong>SENTIDO MANOEL HON\u00d3RIO\/BOM PASTOR:<\/strong><\/p>\n<p><strong>&#8211; Linhas: 100, 104, 106, 108, 113, 114, 115, 117 a 126, 129 a 137, 140 a 143, 145:<\/strong><\/p>\n<p>Pontos de paradas: Av. Get\u00falio Vargas, entre Rua Marechal Deodoro e Rua Halfeld;<\/p>\n<p>Av. Itamar Franco, pr\u00f3ximo ao Procon.<\/p>\n<p>&nbsp;<\/p>\n<p><strong>SENTIDO BOM PASTOR\/MANOEL HON\u00d3RIO:<\/strong><\/p>\n<p><strong>Linhas: 100, 104, 106, 108, 113, 114, 115, 117 a 126, 129 a 137, 140 a 143, 145:<\/strong><\/p>\n<p>Pontos de paradas: Av. Itamar Franco, pr\u00f3ximo ao Col\u00e9gio Stella Matutina;<\/p>\n<p>Pra\u00e7a da Esta\u00e7\u00e3o.<\/p>\n<p>&nbsp;<\/p>\n<p><strong>SENTIDO MANOEL HON\u00d3RIO\/CENTRO:<\/strong><\/p>\n<p><strong>Linhas: 101, 102, 103, 105, 107, 109, 110, 116, 150 e 155:<\/strong><\/p>\n<p>Ponto de parada:<\/p>\n<p>Av. Get\u00falio Vargas, entre Rua Marechal Deodoro e Rua Halfeld;<\/p>\n<p>Pra\u00e7a da Esta\u00e7\u00e3o.<\/p>\n<p>&nbsp;<\/p>\n<p><strong>SENTIDO BOM PASTOR\/SANTA TEREZINHA:<\/strong><\/p>\n<p><strong>Linhas 111 e 112:<\/strong><\/p>\n<p>Ponto de parada:<\/p>\n<p>Av. Itamar Franco, pr\u00f3ximo ao Col\u00e9gio Stella Matutina;<\/p>\n<p>Pra\u00e7a da Esta\u00e7\u00e3o<\/p>\n<p>&nbsp;<\/p>\n<p><strong>SENTIDO SANTA TEREZINHA\/BOM PASTOR:<\/strong><\/p>\n<p><strong>Linhas 111 e 112:<\/strong><\/p>\n<p>Pontos de paradas:<\/p>\n<p>Av. Get\u00falio Vargas, entre Rua Marechal Deodoro e Rua Halfeld;<\/p>\n<p>Av. Itamar Franco, pr\u00f3ximo ao Procon.<\/p>\n<p>&nbsp;<\/p>\n<p><strong>SENTIDO MANOEL HON\u00d3RIO\/CENTRO:<\/strong><\/p>\n<p><strong>Linhas 201 a 210:<\/strong><\/p>\n<p>Ponto de parada:<\/p>\n<p>Pontos regulares das linhas<\/p>\n<p>&nbsp;<\/p>\n<p><strong>SENTIDO CENTRO\/MANOEL HON\u00d3RIO:<\/strong><\/p>\n<p><strong>Linhas 201 a 210:<\/strong><\/p>\n<p>Ponto de parada:<\/p>\n<p>Av. Francisco Bernadino esquina com a Rua Benjamin Constant.<\/p>\n<p>&nbsp;<\/p>\n<p><strong>SENTIDO MANOEL HON\u00d3RIO\/BOM PASTOR:<\/strong><\/p>\n<p><strong>Linhas 239, 249 e 259:<\/strong><\/p>\n<p>Pontos de paradas:<\/p>\n<p>Av. Vargas, entre Rua Marechal Deodoro e Rua Halfeld;<\/p>\n<p>Av. Itamar Franco (pr\u00f3ximo ao Procon).<\/p>\n<p>&nbsp;<\/p>\n<p><strong>SENTIDO BOM PASTOR\/MANOEL HON\u00d3RIO:<\/strong><\/p>\n<p><strong>Linhas 239, 249 e 259:<\/strong><\/p>\n<p>Pontos de paradas:<\/p>\n<p>Av. Itamar Franco, pr\u00f3ximo ao Stella Matutina;<\/p>\n<p>Pra\u00e7a da Esta\u00e7\u00e3o<\/p>\n<p>&nbsp;<\/p>\n<p><strong>SENTIDO MANOEL HON\u00d3RIO\/BOM PASTOR:<\/strong><\/p>\n<p><strong>Linhas 211, 213, 215, 216, 218, 220, 226 e 299:<\/strong><\/p>\n<p>Ponto de parada:<\/p>\n<p>Av. Get\u00falio Vargas, esquina com Rua Halfeld;<\/p>\n<p>Av. Itamar Franco, pr\u00f3ximo ao Procon.<\/p>\n<p>&nbsp;<\/p>\n<p><strong>SENTIDO BOM PASTOR\/MANOEL HON\u00d3RIO:<\/strong><\/p>\n<p><strong>Linhas 211, 213, 215, 216, 218, 220, 226, 299:<\/strong><\/p>\n<p>Ponto de parada:<\/p>\n<p>Av. Itamar Franco em frente ao Col\u00e9gio Stella Matutina;<\/p>\n<p>Pra\u00e7a da Esta\u00e7\u00e3o<\/p>\n<p>&nbsp;<\/p>\n<p><strong>SENTIDO SANTA CATARINA\/BOM PASTOR:<\/strong><\/p>\n<p><strong>Linhas 221 e 222:<\/strong><\/p>\n<p>Ponto de parada:<\/p>\n<p>Av. Get\u00falio Vargas, esquina com Rua Halfeld;<\/p>\n<p>Av. Itamar Franco, pr\u00f3ximo ao Procon.<\/p>\n<p>&nbsp;<\/p>\n<p><strong>SENTIDO BOM PASTOR\/SANTA CATARINA:<\/strong><\/p>\n<p><strong>Linhas 221, 222:<\/strong><\/p>\n<p>Ponto de parada:<\/p>\n<p>Av. Itamar Franco em frente ao Col\u00e9gio Stella Matutina;<\/p>\n<p>Pra\u00e7a da Esta\u00e7\u00e3o.<\/p>\n<p>&nbsp;<\/p>\n<p><strong>SENTIDO PO\u00c7O RICO\/MANOEL HON\u00d3RIO:<\/strong><\/p>\n<p><strong>Linha 311:<\/strong><\/p>\n<p>Ponto de parada:<\/p>\n<p>Pra\u00e7a da Esta\u00e7\u00e3o.<\/p>\n<p>&nbsp;<\/p>\n<p><strong>SENTIDO MANOEL HON\u00d3RIO\/PO\u00c7O RICO:<\/strong><\/p>\n<p><strong>Linha 311:<\/strong><\/p>\n<p>Ponto de parada:<\/p>\n<p>Ponto atual da Linha 311 na Av. Get\u00falio Vargas.<\/p>\n<p>&nbsp;<\/p>\n<p><strong>SENTIDO MANOEL HON\u00d3RIO\/CENTRO:<\/strong><\/p>\n<p><strong>Linhas 402, 403, 404, 405 e 406:<\/strong><\/p>\n<p>Ponto de parada:<\/p>\n<p>Pra\u00e7a da Esta\u00e7\u00e3o<\/p>\n<p>&nbsp;<\/p>\n<p><strong>SENTIDO S\u00c3O MATEUS\/CENTRO:<\/strong><\/p>\n<p><strong>Linhas 501, 503, 508, 511, 512, 514, 515, 518, 520, 521, 522, 524, 526, 527, 528 e 537:<\/strong><\/p>\n<p>Ponto de parada:<\/p>\n<p>Av. Itamar Franco em frente ao Col\u00e9gio Stella Matutina;<\/p>\n<p>Pra\u00e7a da Esta\u00e7\u00e3o<\/p>\n<p>&nbsp;<\/p>\n<p><strong>SENTIDO CENTRO\/S\u00c3O MATEUS:<\/strong><\/p>\n<p><strong>Linhas 503, 508, 515, 518, 520, 521 e 522:<\/strong><\/p>\n<p>Ponto de parada:<\/p>\n<p>Av. Get\u00falio Vargas esquina com Rua Bar\u00e3o de S\u00e3o Jo\u00e3o Nepomuceno;<\/p>\n<p>Av. Itamar Franco, pr\u00f3ximo ao Procon.<\/p>\n<p>&nbsp;<\/p>\n<p><strong>SENTIDO CENTRO\/JD GLORIA:<\/strong><\/p>\n<p><strong>Linhas 501, 526:<\/strong><\/p>\n<p>Ponto de parada:<\/p>\n<p>Av. Itamar Franco em frente ao Col\u00e9gio Stella Matutina;<\/p>\n<p>Pra\u00e7a da Esta\u00e7\u00e3o;<\/p>\n<p>&nbsp;<\/p>\n<p><strong>SENTIDO CENTRO\/S\u00c3O MATEUS:<\/strong><\/p>\n<p><strong>Linhas 524 e 527:<\/strong><\/p>\n<p>Ponto de parada:<\/p>\n<p>Av. Get\u00falio Vargas esquina com Rua Bar\u00e3o de S\u00e3o Jo\u00e3o Nepomuceno;<\/p>\n<p>Av. Itamar Franco, pr\u00f3ximo ao Procon.<\/p>\n<p>&nbsp;<\/p>\n<p><strong>SENTIDO CENTRO\/S\u00c3O PEDRO:<\/strong><\/p>\n<p><strong>Linhas 532 e 534:<\/strong><\/p>\n<p>Ponto de parada:<\/p>\n<p>Av. Itamar Franco em frente ao Col\u00e9gio Stella Matutina;<\/p>\n<p>Pra\u00e7a da Esta\u00e7\u00e3o.<\/p>\n<p>&nbsp;<\/p>\n<p><strong>SENTIDO CENTRO\/S\u00c3O PEDRO:<\/strong><\/p>\n<p><strong>Linhas 530, 533, 538, 540, 542:<\/strong><\/p>\n<p>Ponto de parada:<\/p>\n<p>Pontos atuais das linhas.<\/p>\n<p>&nbsp;<\/p>\n<p><strong>Linhas 544, 548 e 539:<\/strong><\/p>\n<p><strong>Ponto de parada:<\/strong><\/p>\n<p>Pontos atuais das linhas.<\/p>\n<p>&nbsp;<\/p>\n<p><strong>SENTIDO CENTRO\/BAIRRO:<\/strong><\/p>\n<p><strong>Linhas 600, 601 e 602:<\/strong><\/p>\n<p>Ponto de parada:<\/p>\n<p>Av. Francisco Bernardino esquina com a Rua Benjamin Constant<\/p>\n<p>&nbsp;<\/p>\n<p><strong>SENTIDO CENTRO\/ZONA NORTE:<\/strong><\/p>\n<p><strong>Linhas 603, 606, 607, 613, 614, 616, 608, 609, 610, 615: \u2026 Sem altera\u00e7\u00e3o<\/strong><\/p>\n<p>&nbsp;<\/p>\n<p><strong>SENTIDO MORRO DA GL\u00d3RIA\/CENTRO:<\/strong><\/p>\n<p><strong>Linhas 611, 612:<\/strong><\/p>\n<p>Ponto de parada:<\/p>\n<p>Av. Get\u00falio Vargas<\/p>\n<p>Av. Itamar Franco, pr\u00f3ximo ao Procon.<\/p>\n<p>&nbsp;<\/p>\n<p><strong>SENTIDO CENTRO \/ MORRO DA GL\u00d3RIA:<\/strong><\/p>\n<p><strong>Linhas 611 e 612:<\/strong><\/p>\n<p>Ponto de parada:<\/p>\n<p>Av. Presidente Itamar Franco, em frente ao Stella Matutina.<\/p>\n<p>Travessa Dr. Prisco.<\/p>\n<p>&nbsp;<\/p>\n<p><strong>SENTIDO MANOEL HON\u00d3RIO \/ BOM PASTOR:<\/strong><\/p>\n<p><strong>Linha 640 e 646:<\/strong><\/p>\n<p>Ponto de parada:<\/p>\n<p>Av. Get\u00falio Vargas, pr\u00f3ximo a Rua Halfeld;<\/p>\n<p>Av. Itamar Franco, pr\u00f3ximo ao Procon.<\/p>\n<p>&nbsp;<\/p>\n<p><strong>SENTIDO BOM PASTOR \/ MANOEL HON\u00d3RIO:<\/strong><\/p>\n<p><strong>Linha 640 e 646:<\/strong><\/p>\n<p>Ponto de parada:<\/p>\n<p>Av. Itamar Franco, em frente ao Stella Matutina;<\/p>\n<p>Travessa Dr. Prisco, ao lado do quartel.<\/p>\n<p>&nbsp;<\/p>\n<p><strong>SENTIDO ZONA NORTE \/ BOM PASTOR:<\/strong><\/p>\n<p><strong>Linhas 626, 636:<\/strong><\/p>\n<p>Ponto de parada:<\/p>\n<p>Av. Get\u00falio Vargas, pr\u00f3ximo a Rua Halfeld;<\/p>\n<p>Av. Itamar Franco, pr\u00f3ximo ao Procon.<\/p>\n<p>&nbsp;<\/p>\n<p><strong>SENTIDO BOM PASTOR \/ ZONA NORTE:<\/strong><\/p>\n<p><strong>Linhas 626, 636:<\/strong><\/p>\n<p>Ponto de parada:<\/p>\n<p>Av. Itamar Franco, em frente ao Col\u00e9gio Stella Matutina;<\/p>\n<p>Travessa Dr. Prisco, ao lado do Quartel.<\/p>\n<p>&nbsp;<\/p>\n<p><strong>SENTIDO BAIRRO \/ CENTRO:<\/strong><\/p>\n<p><strong>Linha 620: Sem Altera\u00e7\u00f5es<\/strong><\/p>\n<p>&nbsp;<\/p>\n<p><strong>SENTIDO CENTRO\/BAIRRO:<\/strong><\/p>\n<p><strong>Linha 620:<\/strong><\/p>\n<p>Ponto de parada:<\/p>\n<p>Av. Get\u00falio Vargas, pr\u00f3ximo a Rua Halfeld;<\/p>\n<p>Travessa Dr. Prisco, ao lado do Quartel.<\/p>\n<p>&nbsp;<\/p>\n<p><strong>SENTIDO BAIRRO\/CENTRO:<\/strong><\/p>\n<p><strong>Linhas 708, 711, 713, 719, 727, 737, 738, 741, 742, 743, 744, 745, 751:<\/strong><\/p>\n<p>Ponto de parada:<\/p>\n<p>Av. Brasil.<\/p>\n<p>&nbsp;<\/p>\n<p><strong>SENTIDO BAIRRO\/CENTRO:<\/strong><\/p>\n<p><strong>Linhas 701, 702, 709:<\/strong><\/p>\n<p>Sem altera\u00e7\u00e3o<\/p>\n<p>&nbsp;<\/p>\n<p><strong>SENTIDO BAIRRO\/CENTRO:<\/strong><\/p>\n<p><strong>Linhas: 703,706, 707, 714, 715, 716, 717, 718, 720, 721, 722, 723, 725, 726, 728, 729, 730, 731, 732, 733, 734, 735, 736,739, 740, 746, 747, 748, 749, 752, 753, 754, 757, 758, 767:<\/strong><\/p>\n<p>Ponto de parada:<\/p>\n<p>Av. Brasil.<\/p>\n<p>&nbsp;<\/p>\n<p><strong>SENTIDO ZONA NORTE\/BOM PASTOR:<\/strong><\/p>\n<p><strong>Linha 766:<\/strong><\/p>\n<p>Ponto de parada:<\/p>\n<p>Av. Presidente Get\u00falio Vargas;<\/p>\n<p>Av. Presidente Itamar Franco, pr\u00f3ximo ao Procon.<\/p>\n<p>&nbsp;<\/p>\n<p><strong>SENTIDO BOM PASTOR\/ZONA NORTE:<\/strong><\/p>\n<p><strong>Linha 766:<\/strong><\/p>\n<p>Ponto de parada:<\/p>\n<p>Av. Itamar Franco em frente ao Col\u00e9gio Stella Matutina;<\/p>\n<p>Travessa Dr. Prisco.<\/p>\n","protected":false},"excerpt":{"rendered":"<p>Segundo informa\u00e7\u00f5es do site da Prefeitura de Juiz de Fora (PJF), no hor\u00e1rio entre 10h e 18h, deste s\u00e1bado 18, a Avenida Rio Branco ter\u00e1 suas tr\u00eas pistas interditadas entre as ruas Benjamin Constant e Silva Jardim para a realiza\u00e7\u00e3o da tradicional Banda Daki, que este ano se apresenta parada no Largo do Riachuelo. A [&hellip;]<\/p>\n","protected":false},"author":246,"featured_media":210425,"comment_status":"closed","ping_status":"closed","sticky":false,"template":"","format":"standard","meta":{"footnotes":""},"categories":[253,436,439],"tags":[],"class_list":["post-210424","post","type-post","status-publish","format-standard","has-post-thumbnail","hentry","category-cidade","category-destaque-da-semana","category-ultima-hora"],"_links":{"self":[{"href":"https:\/\/diarioregionaldigital.com.br\/index.php?rest_route=\/wp\/v2\/posts\/210424","targetHints":{"allow":["GET"]}}],"collection":[{"href":"https:\/\/diarioregionaldigital.com.br\/index.php?rest_route=\/wp\/v2\/posts"}],"about":[{"href":"https:\/\/diarioregionaldigital.com.br\/index.php?rest_route=\/wp\/v2\/types\/post"}],"author":[{"embeddable":true,"href":"https:\/\/diarioregionaldigital.com.br\/index.php?rest_route=\/wp\/v2\/users\/246"}],"replies":[{"embeddable":true,"href":"https:\/\/diarioregionaldigital.com.br\/index.php?rest_route=%2Fwp%2Fv2%2Fcomments&post=210424"}],"version-history":[{"count":1,"href":"https:\/\/diarioregionaldigital.com.br\/index.php?rest_route=\/wp\/v2\/posts\/210424\/revisions"}],"predecessor-version":[{"id":210426,"href":"https:\/\/diarioregionaldigital.com.br\/index.php?rest_route=\/wp\/v2\/posts\/210424\/revisions\/210426"}],"wp:featuredmedia":[{"embeddable":true,"href":"https:\/\/diarioregionaldigital.com.br\/index.php?rest_route=\/wp\/v2\/media\/210425"}],"wp:attachment":[{"href":"https:\/\/diarioregionaldigital.com.br\/index.php?rest_route=%2Fwp%2Fv2%2Fmedia&parent=210424"}],"wp:term":[{"taxonomy":"category","embeddable":true,"href":"https:\/\/diarioregionaldigital.com.br\/index.php?rest_route=%2Fwp%2Fv2%2Fcategories&post=210424"},{"taxonomy":"post_tag","embeddable":true,"href":"https:\/\/diarioregionaldigital.com.br\/index.php?rest_route=%2Fwp%2Fv2%2Ftags&post=210424"}],"curies":[{"name":"wp","href":"https:\/\/api.w.org\/{rel}","templated":true}]}}