{"id":210421,"date":"2023-02-16T02:27:15","date_gmt":"2023-02-16T05:27:15","guid":{"rendered":"https:\/\/diarioregionaldigital.com.br\/?p=210421"},"modified":"2023-02-16T02:27:15","modified_gmt":"2023-02-16T05:27:15","slug":"pjf-da-sequencia-a-atendimentos-emergenciais-apos-temporal-desta-terca-feira-14","status":"publish","type":"post","link":"https:\/\/diarioregionaldigital.com.br\/?p=210421","title":{"rendered":"PJF d\u00e1 sequ\u00eancia a atendimentos emergenciais ap\u00f3s temporal desta ter\u00e7a-feira, 14"},"content":{"rendered":"<p>Segundo informa\u00e7\u00f5es do site da Prefeitura de Juiz de Fora (PJF), depois das fortes chuvas que atingiram Juiz de Fora no final da tarde desta ter\u00e7a-feira, 14, as equipes da Prefeitura de Juiz de Fora (PJF) ficaram de plant\u00e3o e atenderam diversos chamados emergenciais relacionados \u00e0 queda de \u00e1rvores.<\/p>\n<p>Ap\u00f3s a retirada de galhos e troncos que estavam obstruindo as vias, os trabalhos foram interrompidos e tiveram sequ\u00eancia na manh\u00e3 desta quarta-feira, 15.<\/p>\n<p><strong>Alguns dos lugares atendidos emergencialmente nos \u00faltimos dois dias foram:\u00a0<\/strong><br \/>\nAvenida Brasil, no Centro<\/p>\n<p>Estrada Joaquim Vicente Guedes, no Graminha<\/p>\n<p>Estrada Uni\u00e3o Ind\u00fastria, Usina IV<\/p>\n<p>Rua Ad\u00e3o Barbosa Lima, no Borboleta<\/p>\n<p>Avenida Santa Luzia, no Santa Luzia<\/p>\n<p>Rua Decio Guanabarino, no Aeroporto<\/p>\n<p>Jos\u00e9 Irani de Oliveira, no Vila Ideal<\/p>\n<p>Rua Jos\u00e9 Louren\u00e7o Kelmer, no S\u00e3o Pedro<\/p>\n<p><strong>Podas preventivas<\/strong><\/p>\n<p>Do dia 2 de janeiro de 2023 at\u00e9 o dia 14 de fevereiro, a Empresa Municipal de Pavimenta\u00e7\u00e3o e Urbanidades (Empav) realizou cerca de 124 podas preventivas de \u00e1rvores pelos bairros da cidade, com o objetivo de evitar quedas de galhos e ramagens.<\/p>\n<p>As a\u00e7\u00f5es seguem em andamento na cidade e a programa\u00e7\u00e3o di\u00e1ria completa pode ser conferida na p\u00e1gina do Gabinete de A\u00e7\u00e3o e Di\u00e1logo Comunit\u00e1rio atrav\u00e9s do<a href=\"https:\/\/www.pjf.mg.gov.br\/gabinetecomunitario\/#onde\">\u00a0<strong>link<\/strong><\/a>. Para solicitar servi\u00e7os de zeladoria em vias p\u00fablicas, como tapa-buracos, poda e corte de \u00e1rvores, limpeza de pra\u00e7as e outros, entre em contato com o Gabinete de A\u00e7\u00e3o e Di\u00e1logo Comunit\u00e1rio, atrav\u00e9s do telefone (32) 3690-7241 (liga\u00e7\u00e3o ou WhatsApp).<\/p>\n","protected":false},"excerpt":{"rendered":"<p>Segundo informa\u00e7\u00f5es do site da Prefeitura de Juiz de Fora (PJF), depois das fortes chuvas que atingiram Juiz de Fora no final da tarde desta ter\u00e7a-feira, 14, as equipes da Prefeitura de Juiz de Fora (PJF) ficaram de plant\u00e3o e atenderam diversos chamados emergenciais relacionados \u00e0 queda de \u00e1rvores. Ap\u00f3s a retirada de galhos e [&hellip;]<\/p>\n","protected":false},"author":246,"featured_media":210422,"comment_status":"closed","ping_status":"closed","sticky":false,"template":"","format":"standard","meta":{"footnotes":""},"categories":[253,436,439],"tags":[],"class_list":["post-210421","post","type-post","status-publish","format-standard","has-post-thumbnail","hentry","category-cidade","category-destaque-da-semana","category-ultima-hora"],"_links":{"self":[{"href":"https:\/\/diarioregionaldigital.com.br\/index.php?rest_route=\/wp\/v2\/posts\/210421","targetHints":{"allow":["GET"]}}],"collection":[{"href":"https:\/\/diarioregionaldigital.com.br\/index.php?rest_route=\/wp\/v2\/posts"}],"about":[{"href":"https:\/\/diarioregionaldigital.com.br\/index.php?rest_route=\/wp\/v2\/types\/post"}],"author":[{"embeddable":true,"href":"https:\/\/diarioregionaldigital.com.br\/index.php?rest_route=\/wp\/v2\/users\/246"}],"replies":[{"embeddable":true,"href":"https:\/\/diarioregionaldigital.com.br\/index.php?rest_route=%2Fwp%2Fv2%2Fcomments&post=210421"}],"version-history":[{"count":1,"href":"https:\/\/diarioregionaldigital.com.br\/index.php?rest_route=\/wp\/v2\/posts\/210421\/revisions"}],"predecessor-version":[{"id":210423,"href":"https:\/\/diarioregionaldigital.com.br\/index.php?rest_route=\/wp\/v2\/posts\/210421\/revisions\/210423"}],"wp:featuredmedia":[{"embeddable":true,"href":"https:\/\/diarioregionaldigital.com.br\/index.php?rest_route=\/wp\/v2\/media\/210422"}],"wp:attachment":[{"href":"https:\/\/diarioregionaldigital.com.br\/index.php?rest_route=%2Fwp%2Fv2%2Fmedia&parent=210421"}],"wp:term":[{"taxonomy":"category","embeddable":true,"href":"https:\/\/diarioregionaldigital.com.br\/index.php?rest_route=%2Fwp%2Fv2%2Fcategories&post=210421"},{"taxonomy":"post_tag","embeddable":true,"href":"https:\/\/diarioregionaldigital.com.br\/index.php?rest_route=%2Fwp%2Fv2%2Ftags&post=210421"}],"curies":[{"name":"wp","href":"https:\/\/api.w.org\/{rel}","templated":true}]}}