{"id":210418,"date":"2023-02-16T02:24:10","date_gmt":"2023-02-16T05:24:10","guid":{"rendered":"https:\/\/diarioregionaldigital.com.br\/?p=210418"},"modified":"2023-02-16T02:24:10","modified_gmt":"2023-02-16T05:24:10","slug":"oito-blocos-fazem-a-folia-entre-quinta-16-e-sexta-17","status":"publish","type":"post","link":"https:\/\/diarioregionaldigital.com.br\/?p=210418","title":{"rendered":"Oito blocos fazem a folia entre quinta, 16, e sexta, 17"},"content":{"rendered":"<p>Segundo informa\u00e7\u00f5es do site da Prefeitura de Juiz de Fora (PJF), dando continuidade \u00e0 maratona de Momo de 2023, oito blocos desfilam entre quinta e sexta-feira, dias 16 e 17. Na programa\u00e7\u00e3o, est\u00e3o alguns dos mais tradicionais blocos de Juiz de Fora: o Beco, que completa meia d\u00e9cada de folia, o Recordar \u00e9 Viver, que far\u00e1 seu 25\u00ba desfile, e o Pagod\u00e3o dos Clubes, que chega aos 21 anos.<\/p>\n<div id=\"box_texto_noticia\">\n<p>A programa\u00e7\u00e3o ser\u00e1 aberta pelo bloco Loucomotiva, na quinta-feira. Reunindo em torno de 300 pacientes e servidores da Rede de Sa\u00fade Mental de Juiz de Fora e regi\u00e3o, a agremia\u00e7\u00e3o faz seu quarto desfile com uma homenagem a Nilse da Silveira, m\u00e9dica que obteve reconhecimento internacional por humanizar o tratamento psiqui\u00e1trico no Brasil. No mesmo dia, o Bloco do Zezinho faz sua estreia no Carnaval 2023.<\/p>\n<p>Um dos destaques da agenda \u00e9 o Bloco Recordar \u00e9 Viver, ligado ao Centro de Conviv\u00eancia do Idoso. Programado para quinta-feira, ele abordar\u00e1 o tema \u201cAmor n\u00e3o tem Idade\u201d, combatendo o preconceito e defendendo o cuidado, o afeto e o respeito. A expectativa \u00e9 reunir em torno de 400 foli\u00f5es.<\/p>\n<p>O Bloco Irm\u00e3os Metralha faz seu segundo desfile com o tema \u201cBandeirantes \u2013 Terra de Gigantes\u201d, em uma homenagem ao time de futebol que jogava no bairro onde nasceu a agremia\u00e7\u00e3o. Fechando a programa\u00e7\u00e3o de quinta, o Pagod\u00e3o dos Clubes chega com 35 ritmistas, arrastando centenas de foli\u00f5es para render homenagens ao carnavalesco e m\u00fasico Zez\u00e9 do Pandeiro.<\/p>\n<p>Na sexta-feira, 17, se apresenta o Bloco Carnavalesco da Rua Ana Reis, no Furtado de Menezes. J\u00e1 na \u00e1rea central, ser\u00e1 a vez do Pintinho de Ouro, que trar\u00e1 o tema \u201cPintinho de Ouro ciscando no Terreiro do Z\u00e9 Kodak\u201d, criado para homenagear o carnavalesco Jos\u00e9 Carlos Passos e os 50 anos da Banda Daki. Em seguida, o tradicional Beco chega relembrando os baluartes do bloco que faleceram v\u00edtimas da Covid. \u201cO tema \u2018Botei seu nome na bandeira\u2019 fala sobre esses foli\u00f5es que engrandeceram o Beco, sendo tamb\u00e9m uma homenagem \u00e0s outras pessoas que partiram por causa da pandemia\u201d, afirma presidente Ede Bassoli Machado.<\/p>\n<p><strong>Programa\u00e7\u00e3o:<\/strong><br \/>\n<strong>Dia 16\/02 \u2013 Quinta-feira<\/strong><\/p>\n<p><strong>* Loucomotiva\u00a0<\/strong>\u2013 Parque Halfeld &#8211; Rua Halfeld \u2013 Pra\u00e7a Jo\u00e3o Pessoa (Cine-Theatro Central) | Das 13h \u00e0s 16h<\/p>\n<p><strong>* Bloco do Zezinho\u00a0<\/strong>\u2013 Rua Moraes e Castro 505 at\u00e9 a Rua Bar\u00e3o de S\u00e3o Marcelino | S\u00e3o Mateus | Das 16h \u00e0s 22h<\/p>\n<p><strong>* Recordar \u00e9 Viver\u00a0<\/strong>\u2013 Parque Halfeld \u2013 Rua Halfeld \u2013 Av. Get\u00falio Vargas | Centro | Das 16h30 \u00e0s 18h30<\/p>\n<p><strong>* Irm\u00e3os Metralha\u00a0<\/strong>\u2013 Parque Halfeld \u2013 Rua Halfeld \u2013 Avenida Get\u00falio Vargas | Centro | Das 19h \u00e0s 23h<\/p>\n<p><strong>* Pagod\u00e3o dos Clubes \u2013\u00a0<\/strong>Parque Halfeld \u2013 Rua Halfeld \u2013 at\u00e9 esquina com Av. Get\u00falio Vargas | Centro | Das 20h \u00e0s 22h<br \/>\n<strong>Dia 17\/02 \u2013 Sexta-feira<\/strong><\/p>\n<p><strong>* Bloco Carnavalesco da Rua Ana Reis \u2013\u00a0<\/strong>Escola Teodorico Ribeiro de Assis e o EMEI Professor Reynaldo de Andrade | Furtado de Menezes |Das 12h30 \u00e0s 16h<\/p>\n<p><strong>* Pintinho de Ouro\u00a0<\/strong>&#8211; Parque Halfeld \u2013 Rua Halfeld \u2013 Pra\u00e7a da Esta\u00e7\u00e3o | Centro | Das 16h \u00e0s 21h<\/p>\n<p><strong>* Bloco do Beco \u2013\u00a0<\/strong>Parque Halfeld \u2013 Rua Halfeld \u2013 Rua Batista de Oliveira | Centro | Das 18h30 \u00e0s 22h<\/p>\n<\/div>\n<p>&nbsp;<\/p>\n<div id=\"box_compartilhar\" align=\"right\"><\/div>\n","protected":false},"excerpt":{"rendered":"<p>Segundo informa\u00e7\u00f5es do site da Prefeitura de Juiz de Fora (PJF), dando continuidade \u00e0 maratona de Momo de 2023, oito blocos desfilam entre quinta e sexta-feira, dias 16 e 17. Na programa\u00e7\u00e3o, est\u00e3o alguns dos mais tradicionais blocos de Juiz de Fora: o Beco, que completa meia d\u00e9cada de folia, o Recordar \u00e9 Viver, que [&hellip;]<\/p>\n","protected":false},"author":246,"featured_media":210419,"comment_status":"closed","ping_status":"closed","sticky":false,"template":"","format":"standard","meta":{"footnotes":""},"categories":[253,436,440,439],"tags":[],"class_list":["post-210418","post","type-post","status-publish","format-standard","has-post-thumbnail","hentry","category-cidade","category-destaque-da-semana","category-destaques-do-dia","category-ultima-hora"],"_links":{"self":[{"href":"https:\/\/diarioregionaldigital.com.br\/index.php?rest_route=\/wp\/v2\/posts\/210418","targetHints":{"allow":["GET"]}}],"collection":[{"href":"https:\/\/diarioregionaldigital.com.br\/index.php?rest_route=\/wp\/v2\/posts"}],"about":[{"href":"https:\/\/diarioregionaldigital.com.br\/index.php?rest_route=\/wp\/v2\/types\/post"}],"author":[{"embeddable":true,"href":"https:\/\/diarioregionaldigital.com.br\/index.php?rest_route=\/wp\/v2\/users\/246"}],"replies":[{"embeddable":true,"href":"https:\/\/diarioregionaldigital.com.br\/index.php?rest_route=%2Fwp%2Fv2%2Fcomments&post=210418"}],"version-history":[{"count":1,"href":"https:\/\/diarioregionaldigital.com.br\/index.php?rest_route=\/wp\/v2\/posts\/210418\/revisions"}],"predecessor-version":[{"id":210420,"href":"https:\/\/diarioregionaldigital.com.br\/index.php?rest_route=\/wp\/v2\/posts\/210418\/revisions\/210420"}],"wp:featuredmedia":[{"embeddable":true,"href":"https:\/\/diarioregionaldigital.com.br\/index.php?rest_route=\/wp\/v2\/media\/210419"}],"wp:attachment":[{"href":"https:\/\/diarioregionaldigital.com.br\/index.php?rest_route=%2Fwp%2Fv2%2Fmedia&parent=210418"}],"wp:term":[{"taxonomy":"category","embeddable":true,"href":"https:\/\/diarioregionaldigital.com.br\/index.php?rest_route=%2Fwp%2Fv2%2Fcategories&post=210418"},{"taxonomy":"post_tag","embeddable":true,"href":"https:\/\/diarioregionaldigital.com.br\/index.php?rest_route=%2Fwp%2Fv2%2Ftags&post=210418"}],"curies":[{"name":"wp","href":"https:\/\/api.w.org\/{rel}","templated":true}]}}