{"id":210415,"date":"2023-02-16T02:18:19","date_gmt":"2023-02-16T05:18:19","guid":{"rendered":"https:\/\/diarioregionaldigital.com.br\/?p=210415"},"modified":"2023-02-16T02:18:19","modified_gmt":"2023-02-16T05:18:19","slug":"copa-do-nordeste-nautico-vence-para-assumir-ponta-do-grupo-b","status":"publish","type":"post","link":"https:\/\/diarioregionaldigital.com.br\/?p=210415","title":{"rendered":"Copa do Nordeste: N\u00e1utico vence para assumir ponta do Grupo B"},"content":{"rendered":"<p>O N\u00e1utico derrotou o Fluminense-PI por 2 a 0, na noite desta quarta-feira (15) no est\u00e1dio dos Aflitos, e permanece na lideran\u00e7a do Grupo B da Copa do Nordeste. O Timbu \u00e9 seguido na classifica\u00e7\u00e3o pelo Sergipe, que bateu o Vit\u00f3ria por 2 a 1, e pelo ABC, que superou o Sampaio Corr\u00eaa por 2 a 0.<img decoding=\"async\" src=\"https:\/\/agenciabrasil.ebc.com.br\/ebc.png?id=1510875&amp;o=node\" \/><img decoding=\"async\" src=\"https:\/\/agenciabrasil.ebc.com.br\/ebc.gif?id=1510875&amp;o=node\" \/><\/p>\n<p>Jogando no est\u00e1dio dos Aflitos, em Recife, o N\u00e1utico n\u00e3o teve dificuldades para comandar as a\u00e7\u00f5es diante do Tricolor do Piau\u00ed e abrir uma vantagem de dois gols ainda no primeiro tempo. Aos 21 minutos, o lateral Diego Matos bateu forte para superar o goleiro Jeferson. O segundo saiu aos 48, gra\u00e7as a finaliza\u00e7\u00e3o perfeita do atacante Julio.<\/p>\n<p>A segunda posi\u00e7\u00e3o da chave \u00e9 do Sergipe, que, jogando no Batist\u00e3o, em Aracaju, superou o Vit\u00f3ria por 2 a 1 para chegar aos seis pontos. A equipe baiana abriu o placar com Camutanga, mas o time da casa virou gra\u00e7as a gols de Ronan e de Braga.<\/p>\n<p>Com a mesma pontua\u00e7\u00e3o na classifica\u00e7\u00e3o, mas na terceira posi\u00e7\u00e3o, aparece o ABC, que, gra\u00e7as a gols de Maycon Douglas e de Raphael Luz, bateu o Sampaio Corr\u00eaa por 2 a 0 no Frasqueir\u00e3o.<\/p>\n<p><span style=\"font-weight: 400;\">Fonte: Ag\u00eancia Brasil <\/span><\/p>\n","protected":false},"excerpt":{"rendered":"<p>O N\u00e1utico derrotou o Fluminense-PI por 2 a 0, na noite desta quarta-feira (15) no est\u00e1dio dos Aflitos, e permanece na lideran\u00e7a do Grupo B da Copa do Nordeste. O Timbu \u00e9 seguido na classifica\u00e7\u00e3o pelo Sergipe, que bateu o Vit\u00f3ria por 2 a 1, e pelo ABC, que superou o Sampaio Corr\u00eaa por 2 [&hellip;]<\/p>\n","protected":false},"author":246,"featured_media":210416,"comment_status":"closed","ping_status":"closed","sticky":false,"template":"","format":"standard","meta":{"footnotes":""},"categories":[436,257,439],"tags":[],"class_list":["post-210415","post","type-post","status-publish","format-standard","has-post-thumbnail","hentry","category-destaque-da-semana","category-esporte","category-ultima-hora"],"_links":{"self":[{"href":"https:\/\/diarioregionaldigital.com.br\/index.php?rest_route=\/wp\/v2\/posts\/210415","targetHints":{"allow":["GET"]}}],"collection":[{"href":"https:\/\/diarioregionaldigital.com.br\/index.php?rest_route=\/wp\/v2\/posts"}],"about":[{"href":"https:\/\/diarioregionaldigital.com.br\/index.php?rest_route=\/wp\/v2\/types\/post"}],"author":[{"embeddable":true,"href":"https:\/\/diarioregionaldigital.com.br\/index.php?rest_route=\/wp\/v2\/users\/246"}],"replies":[{"embeddable":true,"href":"https:\/\/diarioregionaldigital.com.br\/index.php?rest_route=%2Fwp%2Fv2%2Fcomments&post=210415"}],"version-history":[{"count":1,"href":"https:\/\/diarioregionaldigital.com.br\/index.php?rest_route=\/wp\/v2\/posts\/210415\/revisions"}],"predecessor-version":[{"id":210417,"href":"https:\/\/diarioregionaldigital.com.br\/index.php?rest_route=\/wp\/v2\/posts\/210415\/revisions\/210417"}],"wp:featuredmedia":[{"embeddable":true,"href":"https:\/\/diarioregionaldigital.com.br\/index.php?rest_route=\/wp\/v2\/media\/210416"}],"wp:attachment":[{"href":"https:\/\/diarioregionaldigital.com.br\/index.php?rest_route=%2Fwp%2Fv2%2Fmedia&parent=210415"}],"wp:term":[{"taxonomy":"category","embeddable":true,"href":"https:\/\/diarioregionaldigital.com.br\/index.php?rest_route=%2Fwp%2Fv2%2Fcategories&post=210415"},{"taxonomy":"post_tag","embeddable":true,"href":"https:\/\/diarioregionaldigital.com.br\/index.php?rest_route=%2Fwp%2Fv2%2Ftags&post=210415"}],"curies":[{"name":"wp","href":"https:\/\/api.w.org\/{rel}","templated":true}]}}