{"id":210403,"date":"2023-02-16T02:06:54","date_gmt":"2023-02-16T05:06:54","guid":{"rendered":"https:\/\/diarioregionaldigital.com.br\/?p=210403"},"modified":"2023-02-16T02:06:54","modified_gmt":"2023-02-16T05:06:54","slug":"para-freixo-turismo-e-solucao-para-preservacao-da-floresta","status":"publish","type":"post","link":"https:\/\/diarioregionaldigital.com.br\/?p=210403","title":{"rendered":"Para Freixo, turismo \u00e9 solu\u00e7\u00e3o para preserva\u00e7\u00e3o da floresta"},"content":{"rendered":"<p>O presidente da Ag\u00eancia Brasileira de Promo\u00e7\u00e3o Internacional do Turismo (Embratur), Marcelo Freixo, afirmou nesta ter\u00e7a-feira (14) que o setor vai focar na sustentabilidade ambiental para fortalecer a presen\u00e7a do pa\u00eds no mercado tur\u00edstico mundial.\u00a0<img decoding=\"async\" src=\"https:\/\/agenciabrasil.ebc.com.br\/ebc.png?id=1510559&amp;o=node\" \/><img decoding=\"async\" src=\"https:\/\/agenciabrasil.ebc.com.br\/ebc.gif?id=1510559&amp;o=node\" \/><\/p>\n<p>&#8220;Ningu\u00e9m quer visitar um pa\u00eds que destr\u00f3i suas florestas. As pessoas v\u00e3o visitar o Brasil que preserva suas florestas, que tem responsabilidade clim\u00e1tica. Eu n\u00e3o tenho d\u00favida que o turismo \u00e9 uma grande solu\u00e7\u00e3o para preserva\u00e7\u00e3o da Floresta Amaz\u00f4nica&#8221;, disse durante coletiva de imprensa para o relan\u00e7amento da Marca Brasil.<\/p>\n<p>A utiliza\u00e7\u00e3o da antiga logomarca, usada entre 2005 e 2019, inaugura a nova estrat\u00e9gia de reposicionamento da imagem do pa\u00eds.<\/p>\n<p>&#8220;A marca n\u00e3o pertence ao governo. A Espanha tem uma mesma marca h\u00e1 d\u00e9cadas. \u00c9 um recado que o Brasil est\u00e1 dando, n\u00e3o um governo ou outro&#8221;, disse. A marca que vinha sendo utilizada nos \u00faltimos quatro anos usavam o nome do pa\u00eds na grafia em ingl\u00eas e ainda fazia um mote que foi considerado como uma associa\u00e7\u00e3o do turismo \u00e0 explora\u00e7\u00e3o sexual (&#8220;Brazil, visit and love us&#8221;, que significa Brasil, visite e nos ame).<\/p>\n<p>A ideia acabou criticada por poss\u00edvel associa\u00e7\u00e3o do turismo \u00e0 explora\u00e7\u00e3o sexual.<\/p>\n<p>&#8220;O Brasil n\u00e3o \u00e9 com Z e &#8216;visite e nos ame&#8217;, n\u00f3s n\u00e3o queremos nenhum recado escondido e indesejado. At\u00e9 porque visitar um Brasil que destr\u00f3i floresta e faz queimada, ningu\u00e9m vai nos amar assim&#8221;, disse Freixo.<\/p>\n<h2>Alternativa<\/h2>\n<p>Freixo disse que o turismo representa 8% do Produto Interno Bruto (PIB) e que esse impacto pode ser ainda maior. Ele destacou que em \u00e1reas de conflito socioambiental, como o enfrentado pela presen\u00e7a do garimpo ilegal no territ\u00f3rio ind\u00edgena Yanomami, em Roraima, o turismo pode ser uma alternativa de atividade sustent\u00e1vel e inclusiva.<\/p>\n<p>&#8220;Quando a gente assiste o que est\u00e1 acontecendo com os yanomami, talvez o turismo seja uma das alternativas importantes para aquela regi\u00e3o, que gera emprego e que gera renda. \u00c9 8% do PIB brasileiro hoje e a gente quer que seja muito mais. Tem pot\u00eancia para ser muito mais&#8221;, disse.<\/p>\n<p>Tamb\u00e9m presente \u00e0 cerim\u00f4nia de relan\u00e7amento da marca, o presidente da Ag\u00eancia Brasileira de Promo\u00e7\u00e3o de Exporta\u00e7\u00f5es e Investimentos (ApexBrasil), Jorge Viana, falou que n\u00e3o \u00e9 poss\u00edvel desvincular a imagem do pa\u00eds ao seu papel na preserva\u00e7\u00e3o e promo\u00e7\u00e3o do meio ambiente e escala global.<\/p>\n<p>&#8220;N\u00e3o tem como atrair turistas, estimular o turismo interno no pa\u00eds, se a marca do pa\u00eds \u00e9 destrui\u00e7\u00e3o da floresta, \u00e9 amea\u00e7a induzida \u00e0s popula\u00e7\u00f5es origin\u00e1rias, aos povos ind\u00edgenas, ao ataque frontal \u00e0quilo que temos de vantagem comparativa diante do mundo&#8221;, argumentou. &#8220;O Brasil estava completamente na contram\u00e3o, mas agora entendo que h\u00e1 um reencontro do Brasil consigo mesmo&#8221;.<\/p>\n<h2>Dados confi\u00e1veis<\/h2>\n<p>Marcelo Freixo tamb\u00e9m disse que est\u00e1 montando uma equipe na Embratur para atuar na \u00e1rea de intelig\u00eancia em turismo e produzir dados confi\u00e1veis sobre a presen\u00e7a estrangeira no pa\u00eds, uma vez que, segundo ele, &#8220;n\u00e3o tem pol\u00edtica p\u00fablica se n\u00e3o tiver qualidade da informa\u00e7\u00e3o&#8221;.<\/p>\n<p>&#8220;A gente quer, inclusive, que a imprensa possa se alimentar de informa\u00e7\u00e3o sobre turismo na Embratur, mas a gente precisa ter produ\u00e7\u00e3o qualificada de informa\u00e7\u00e3o&#8221;, pontuou.<\/p>\n<p><span style=\"font-weight: 400;\">Fonte: Ag\u00eancia Brasil <\/span><\/p>\n","protected":false},"excerpt":{"rendered":"<p>O presidente da Ag\u00eancia Brasileira de Promo\u00e7\u00e3o Internacional do Turismo (Embratur), Marcelo Freixo, afirmou nesta ter\u00e7a-feira (14) que o setor vai focar na sustentabilidade ambiental para fortalecer a presen\u00e7a do pa\u00eds no mercado tur\u00edstico mundial.\u00a0 &#8220;Ningu\u00e9m quer visitar um pa\u00eds que destr\u00f3i suas florestas. As pessoas v\u00e3o visitar o Brasil que preserva suas florestas, que [&hellip;]<\/p>\n","protected":false},"author":246,"featured_media":210404,"comment_status":"closed","ping_status":"closed","sticky":false,"template":"","format":"standard","meta":{"footnotes":""},"categories":[436,254,439],"tags":[],"class_list":["post-210403","post","type-post","status-publish","format-standard","has-post-thumbnail","hentry","category-destaque-da-semana","category-politica","category-ultima-hora"],"_links":{"self":[{"href":"https:\/\/diarioregionaldigital.com.br\/index.php?rest_route=\/wp\/v2\/posts\/210403","targetHints":{"allow":["GET"]}}],"collection":[{"href":"https:\/\/diarioregionaldigital.com.br\/index.php?rest_route=\/wp\/v2\/posts"}],"about":[{"href":"https:\/\/diarioregionaldigital.com.br\/index.php?rest_route=\/wp\/v2\/types\/post"}],"author":[{"embeddable":true,"href":"https:\/\/diarioregionaldigital.com.br\/index.php?rest_route=\/wp\/v2\/users\/246"}],"replies":[{"embeddable":true,"href":"https:\/\/diarioregionaldigital.com.br\/index.php?rest_route=%2Fwp%2Fv2%2Fcomments&post=210403"}],"version-history":[{"count":1,"href":"https:\/\/diarioregionaldigital.com.br\/index.php?rest_route=\/wp\/v2\/posts\/210403\/revisions"}],"predecessor-version":[{"id":210405,"href":"https:\/\/diarioregionaldigital.com.br\/index.php?rest_route=\/wp\/v2\/posts\/210403\/revisions\/210405"}],"wp:featuredmedia":[{"embeddable":true,"href":"https:\/\/diarioregionaldigital.com.br\/index.php?rest_route=\/wp\/v2\/media\/210404"}],"wp:attachment":[{"href":"https:\/\/diarioregionaldigital.com.br\/index.php?rest_route=%2Fwp%2Fv2%2Fmedia&parent=210403"}],"wp:term":[{"taxonomy":"category","embeddable":true,"href":"https:\/\/diarioregionaldigital.com.br\/index.php?rest_route=%2Fwp%2Fv2%2Fcategories&post=210403"},{"taxonomy":"post_tag","embeddable":true,"href":"https:\/\/diarioregionaldigital.com.br\/index.php?rest_route=%2Fwp%2Fv2%2Ftags&post=210403"}],"curies":[{"name":"wp","href":"https:\/\/api.w.org\/{rel}","templated":true}]}}