{"id":210400,"date":"2023-02-16T02:05:26","date_gmt":"2023-02-16T05:05:26","guid":{"rendered":"https:\/\/diarioregionaldigital.com.br\/?p=210400"},"modified":"2023-02-16T02:05:26","modified_gmt":"2023-02-16T05:05:26","slug":"comissao-da-camara-vai-acompanhar-compensacao-por-mariana-e-brumadinho","status":"publish","type":"post","link":"https:\/\/diarioregionaldigital.com.br\/?p=210400","title":{"rendered":"Comiss\u00e3o da C\u00e2mara vai acompanhar compensa\u00e7\u00e3o por Mariana e Brumadinho"},"content":{"rendered":"<p>A C\u00e2mara dos Deputados criou, nesta ter\u00e7a-feira (14), uma comiss\u00e3o externa para acompanhar a repactua\u00e7\u00e3o do acordo de compensa\u00e7\u00e3o econ\u00f4mica pelo desastre na barragem de Mariana (MG), ocorrido em 2015, e a repara\u00e7\u00e3o dos crimes relacionados ao rompimento da barragem de Brumadinho (MG), em 2019.\u00a0<img decoding=\"async\" src=\"https:\/\/agenciabrasil.ebc.com.br\/ebc.png?id=1510558&amp;o=node\" \/><img decoding=\"async\" src=\"https:\/\/agenciabrasil.ebc.com.br\/ebc.gif?id=1510558&amp;o=node\" \/><\/p>\n<p>O ato da cria\u00e7\u00e3o da comiss\u00e3o, que n\u00e3o ter\u00e1 \u00f4nus para a C\u00e2mara, foi lido pelo presidente da C\u00e2mara, Arthur Lira (PP-AL).<\/p>\n<p>No total, a comiss\u00e3o ter\u00e1 a participa\u00e7\u00e3o de dez parlamentares. Al\u00e9m de Rog\u00eario Correia (PT-MG), que pediu a cria\u00e7\u00e3o da comiss\u00e3o, fazem parte dela C\u00e9lia Xakriab\u00e1 (PSOL-MG), Domingos S\u00e1vio (PL-MG), Evair Vieira de Melo (PP-ES), Helder Salom\u00e3o (PT-ES), Leonardo Monteiro (PT-MG), Padre Jo\u00e3o (PT-MG), Patrus Ananias (PT-MG), Pedro Aihara (Patriota-MG) e Z\u00e9 Silva (Solidariedade-MG).<\/p>\n<p>O rompimento da barragem rompimento da barragem de Mariana em 2015 liberou uma avalanche de rejeitos que alcan\u00e7ou o Rio Doce e escoou at\u00e9 a foz, causando diversos impactos socioambientais e socioecon\u00f4micos em cidades mineiras e capixabas, al\u00e9m de 19 mortes. Em 2016, por meio do Termo de Transa\u00e7\u00e3o e Ajustamento de Conduta (TTAC), foi firmado um acordo para repara\u00e7\u00e3o de danos. A gest\u00e3o de todas as a\u00e7\u00f5es ficou a cargo da ent\u00e3o criada Funda\u00e7\u00e3o Renova, entidade que \u00e9 mantida com recursos da Samarco, da Vale e da BHP Billiton.<\/p>\n<p>O rompimento em Brumadinho, pertencente \u00e0 Vale, em 2019, despejou 12 milh\u00f5es de metros c\u00fabicos de rejeitos de minera\u00e7\u00e3o na bacia do Rio Paraopeba. A lama deixou um rastro de destrui\u00e7\u00e3o de mais de 300 quil\u00f4metros, 272 mortos, afetou 18 munic\u00edpios e 1 milh\u00e3o de pessoas e gerou uma s\u00e9rie de impactos sociais, ambientais e econ\u00f4micos na bacia do Rio Paraopeba e em todo o estado de Minas Gerais.<\/p>\n<p><span style=\"font-weight: 400;\"><br \/>\n<\/span><span style=\"font-weight: 400;\">Fonte: Ag\u00eancia Brasil <\/span><\/p>\n","protected":false},"excerpt":{"rendered":"<p>A C\u00e2mara dos Deputados criou, nesta ter\u00e7a-feira (14), uma comiss\u00e3o externa para acompanhar a repactua\u00e7\u00e3o do acordo de compensa\u00e7\u00e3o econ\u00f4mica pelo desastre na barragem de Mariana (MG), ocorrido em 2015, e a repara\u00e7\u00e3o dos crimes relacionados ao rompimento da barragem de Brumadinho (MG), em 2019.\u00a0 O ato da cria\u00e7\u00e3o da comiss\u00e3o, que n\u00e3o ter\u00e1 \u00f4nus [&hellip;]<\/p>\n","protected":false},"author":246,"featured_media":210401,"comment_status":"closed","ping_status":"closed","sticky":false,"template":"","format":"standard","meta":{"footnotes":""},"categories":[436,254,439],"tags":[],"class_list":["post-210400","post","type-post","status-publish","format-standard","has-post-thumbnail","hentry","category-destaque-da-semana","category-politica","category-ultima-hora"],"_links":{"self":[{"href":"https:\/\/diarioregionaldigital.com.br\/index.php?rest_route=\/wp\/v2\/posts\/210400","targetHints":{"allow":["GET"]}}],"collection":[{"href":"https:\/\/diarioregionaldigital.com.br\/index.php?rest_route=\/wp\/v2\/posts"}],"about":[{"href":"https:\/\/diarioregionaldigital.com.br\/index.php?rest_route=\/wp\/v2\/types\/post"}],"author":[{"embeddable":true,"href":"https:\/\/diarioregionaldigital.com.br\/index.php?rest_route=\/wp\/v2\/users\/246"}],"replies":[{"embeddable":true,"href":"https:\/\/diarioregionaldigital.com.br\/index.php?rest_route=%2Fwp%2Fv2%2Fcomments&post=210400"}],"version-history":[{"count":1,"href":"https:\/\/diarioregionaldigital.com.br\/index.php?rest_route=\/wp\/v2\/posts\/210400\/revisions"}],"predecessor-version":[{"id":210402,"href":"https:\/\/diarioregionaldigital.com.br\/index.php?rest_route=\/wp\/v2\/posts\/210400\/revisions\/210402"}],"wp:featuredmedia":[{"embeddable":true,"href":"https:\/\/diarioregionaldigital.com.br\/index.php?rest_route=\/wp\/v2\/media\/210401"}],"wp:attachment":[{"href":"https:\/\/diarioregionaldigital.com.br\/index.php?rest_route=%2Fwp%2Fv2%2Fmedia&parent=210400"}],"wp:term":[{"taxonomy":"category","embeddable":true,"href":"https:\/\/diarioregionaldigital.com.br\/index.php?rest_route=%2Fwp%2Fv2%2Fcategories&post=210400"},{"taxonomy":"post_tag","embeddable":true,"href":"https:\/\/diarioregionaldigital.com.br\/index.php?rest_route=%2Fwp%2Fv2%2Ftags&post=210400"}],"curies":[{"name":"wp","href":"https:\/\/api.w.org\/{rel}","templated":true}]}}