{"id":210397,"date":"2023-02-16T02:04:18","date_gmt":"2023-02-16T05:04:18","guid":{"rendered":"https:\/\/diarioregionaldigital.com.br\/?p=210397"},"modified":"2023-02-16T02:04:18","modified_gmt":"2023-02-16T05:04:18","slug":"campos-neto-defende-conciliacao-da-disciplina-fiscal-com-pautas-socais","status":"publish","type":"post","link":"https:\/\/diarioregionaldigital.com.br\/?p=210397","title":{"rendered":"Campos Neto defende concilia\u00e7\u00e3o da disciplina fiscal com pautas socais"},"content":{"rendered":"<p>A\u00a0transpar\u00eancia das contas p\u00fablicas\u00a0sem\u00a0retrocessos em ganhos institucionais recentes nessa \u00e1rea no pa\u00eds\u00a0foi defendida pelo\u00a0presidente do Banco Central (BC), Roberto Campos Neto, nesta\u00a0quarta-feira (15). Ao discursar na\u00a0sess\u00e3o solene\u00a0do Congresso Nacional que\u00a0marcou\u00a0os 130 anos do Tribunal de Contas da Uni\u00e3o (TCU), Campos Neto afirmou que a parceria do BC com\u00a0a Corte de Contas\u00a0\u00e9 fundamental.<img decoding=\"async\" src=\"https:\/\/agenciabrasil.ebc.com.br\/ebc.png?id=1510701&amp;o=node\" \/><img decoding=\"async\" src=\"https:\/\/agenciabrasil.ebc.com.br\/ebc.gif?id=1510701&amp;o=node\" \/><\/p>\n<p>Em meio \u00e0s pol\u00eamicas com o governo federal\u00a0<a href=\"https:\/\/agenciabrasil.ebc.com.br\/economia\/noticia\/2023-02\/lula-diz-que-nao-ha-justificativa-para-selic-estar-em-1375-ao-ano\" target=\"_blank\" rel=\"noopener\">sobre a taxa de juros e a meta de infla\u00e7\u00e3o<\/a>,\u00a0Campos Neto\u00a0tamb\u00e9m\u00a0defendeu que o pa\u00eds tenha \u201cdisciplina fiscal\u201d e\u00a0<a href=\"https:\/\/agenciabrasil.ebc.com.br\/economia\/noticia\/2023-02\/temos-que-ter-mais-boa-vontade-com-o-governo-diz-presidente-do-bc\" target=\"_blank\" rel=\"noopener\">concilie pautas econ\u00f4micas e sociais<\/a>. \u201cHoje, o que a gente precisa concentrar \u00e9 em\u00a0ter\u00a0uma disciplina fiscal, entendendo que precisamos\u00a0ter\u00a0um olho mais especial no social. Quanto mais transparente e eficiente o p\u00fablico for, mais aptos seremos de captar recursos privados\u201d,\u00a0avaliou.<\/p>\n<p>Ao\u00a0presidir a cerim\u00f4nia, o senador Veneziano Vital do R\u00eago (MDB-PB) destacou a import\u00e2ncia do papel do TCU.\u00a0Segundo ele,\u00a0a\u00a0atua\u00e7\u00e3o do Tribunal tem se revelado essencial para a consolida\u00e7\u00e3o da democracia brasileira, ao permitir que a sociedade tenha acesso \u00e0s informa\u00e7\u00f5es sobre a gest\u00e3o dos recursos p\u00fablicos, ajudando a identificar e corrigir irregularidades e aprimorando a transpar\u00eancia e a presta\u00e7\u00e3o de contas. \u201cO \u00f3rg\u00e3o \u00e9 tamb\u00e9m um dos maiores colaboradores deste Poder Legislativo no processo de implementa\u00e7\u00e3o de pol\u00edticas p\u00fablicas e na busca por solu\u00e7\u00f5es para os desafios enfrentados pelo nosso\u00a0pa\u00eds\u201d,\u00a0lembrou.<\/p>\n<p>Tamb\u00e9m participaram da homenagem ao TCU, o presidente do \u00f3rg\u00e3o, Bruno Dantas, o ministro do Supremo Tribunal Federal, Dias Toffoli e parlamentares\u00a0de v\u00e1rios partidos.<\/p>\n<p><span style=\"font-weight: 400;\"><br \/>\n<\/span><span style=\"font-weight: 400;\">Fonte: Ag\u00eancia Brasil <\/span><\/p>\n","protected":false},"excerpt":{"rendered":"<p>A\u00a0transpar\u00eancia das contas p\u00fablicas\u00a0sem\u00a0retrocessos em ganhos institucionais recentes nessa \u00e1rea no pa\u00eds\u00a0foi defendida pelo\u00a0presidente do Banco Central (BC), Roberto Campos Neto, nesta\u00a0quarta-feira (15). Ao discursar na\u00a0sess\u00e3o solene\u00a0do Congresso Nacional que\u00a0marcou\u00a0os 130 anos do Tribunal de Contas da Uni\u00e3o (TCU), Campos Neto afirmou que a parceria do BC com\u00a0a Corte de Contas\u00a0\u00e9 fundamental. Em meio \u00e0s [&hellip;]<\/p>\n","protected":false},"author":246,"featured_media":210398,"comment_status":"closed","ping_status":"closed","sticky":false,"template":"","format":"standard","meta":{"footnotes":""},"categories":[436,254,439],"tags":[],"class_list":["post-210397","post","type-post","status-publish","format-standard","has-post-thumbnail","hentry","category-destaque-da-semana","category-politica","category-ultima-hora"],"_links":{"self":[{"href":"https:\/\/diarioregionaldigital.com.br\/index.php?rest_route=\/wp\/v2\/posts\/210397","targetHints":{"allow":["GET"]}}],"collection":[{"href":"https:\/\/diarioregionaldigital.com.br\/index.php?rest_route=\/wp\/v2\/posts"}],"about":[{"href":"https:\/\/diarioregionaldigital.com.br\/index.php?rest_route=\/wp\/v2\/types\/post"}],"author":[{"embeddable":true,"href":"https:\/\/diarioregionaldigital.com.br\/index.php?rest_route=\/wp\/v2\/users\/246"}],"replies":[{"embeddable":true,"href":"https:\/\/diarioregionaldigital.com.br\/index.php?rest_route=%2Fwp%2Fv2%2Fcomments&post=210397"}],"version-history":[{"count":1,"href":"https:\/\/diarioregionaldigital.com.br\/index.php?rest_route=\/wp\/v2\/posts\/210397\/revisions"}],"predecessor-version":[{"id":210399,"href":"https:\/\/diarioregionaldigital.com.br\/index.php?rest_route=\/wp\/v2\/posts\/210397\/revisions\/210399"}],"wp:featuredmedia":[{"embeddable":true,"href":"https:\/\/diarioregionaldigital.com.br\/index.php?rest_route=\/wp\/v2\/media\/210398"}],"wp:attachment":[{"href":"https:\/\/diarioregionaldigital.com.br\/index.php?rest_route=%2Fwp%2Fv2%2Fmedia&parent=210397"}],"wp:term":[{"taxonomy":"category","embeddable":true,"href":"https:\/\/diarioregionaldigital.com.br\/index.php?rest_route=%2Fwp%2Fv2%2Fcategories&post=210397"},{"taxonomy":"post_tag","embeddable":true,"href":"https:\/\/diarioregionaldigital.com.br\/index.php?rest_route=%2Fwp%2Fv2%2Ftags&post=210397"}],"curies":[{"name":"wp","href":"https:\/\/api.w.org\/{rel}","templated":true}]}}