{"id":210392,"date":"2023-02-16T02:02:07","date_gmt":"2023-02-16T05:02:07","guid":{"rendered":"https:\/\/diarioregionaldigital.com.br\/?p=210392"},"modified":"2023-02-16T02:02:07","modified_gmt":"2023-02-16T05:02:07","slug":"tse-aprova-a-incorporacao-do-pros-ao-solidariedade","status":"publish","type":"post","link":"https:\/\/diarioregionaldigital.com.br\/?p=210392","title":{"rendered":"TSE aprova a incorpora\u00e7\u00e3o do Pros ao Solidariedade"},"content":{"rendered":"<p>O Tribunal Superior Eleitoral (TSE) deferiu, por unanimidade, o pedido de incorpora\u00e7\u00e3o do Partido Republicano da Ordem Social (Pros) pelo Solidariedade. Com a decis\u00e3o, tomada na sess\u00e3o desta quarta-feira (14), o Pros fica extinto. Os requisitos para o processo est\u00e3o previstos na Resolu\u00e7\u00e3o TSE n\u00ba 23.571\/2018 e na Lei dos Partidos Pol\u00edticos (Lei n\u00ba 9.096\/1995).<img decoding=\"async\" src=\"https:\/\/agenciabrasil.ebc.com.br\/ebc.png?id=1510649&amp;o=node\" \/><img decoding=\"async\" src=\"https:\/\/agenciabrasil.ebc.com.br\/ebc.gif?id=1510649&amp;o=node\" \/><\/p>\n<p>A decis\u00e3o foi dada em meio a uma tentativa do ent\u00e3o presidente do Pros, Eur\u00edpedes J\u00fanior, de desistir da incorpora\u00e7\u00e3o ao Solidariedade. Durante o julgamento, o ministro Raul Ara\u00fajo argumentou que apesar de ter protocolado, no dia 9 de fevereiro, a inten\u00e7\u00e3o de voltar atr\u00e1s no pedido, \u201cn\u00e3o compete ao dirigente do partido, de forma unipessoal, desistir da decis\u00e3o aprovada por \u00f3rg\u00e3o nacional por meio de assembleia geral\u201d.<\/p>\n<p>Al\u00e9m disso, conforme o ministro, n\u00e3o h\u00e1 nenhum v\u00edcio formal na instru\u00e7\u00e3o que deliberou pela incorpora\u00e7\u00e3o do Pros ao Solidariedade, \u201cganhando [o pedido de desist\u00eancia] n\u00edtidos contornos de subjetividade\u201d.<\/p>\n<h2>Bancada<\/h2>\n<p>Com a incorpora\u00e7\u00e3o, segundo o relator do processo, ministro Raul Ara\u00fajo, passa a contar como do Solidariedade a soma dos votos obtidos pelo Pros nas elei\u00e7\u00f5es de 2022 para a C\u00e2mara dos Deputados, \u201cpara efeito da distribui\u00e7\u00e3o dos recursos do Fundo Partid\u00e1rio e do acesso gratuito ao r\u00e1dio e \u00e0 televis\u00e3o\u201d.<\/p>\n<p>Ao eleger no \u00faltimo pleito quatro deputados federais, o Solidariedade passa a ter sete representantes na C\u00e2mara dos Deputados j\u00e1 somados aos tr\u00eas eleitos pelo Pros. Ambas as legendas n\u00e3o conseguiram atingir a cl\u00e1usula de barreira. Sem ela, os partidos ficam sem acesso ao fundo partid\u00e1rio e sem o direito de veicular propaganda gratuita em r\u00e1dio e TV durante as campanhas eleitorais.<\/p>\n<p>Segundo o TSE, a decis\u00e3o de ontem, independentemente de publica\u00e7\u00e3o, ser\u00e1 comunicada imediatamente ao Senado Federal, \u00e0 C\u00e2mara dos Deputados, aos demais \u00f3rg\u00e3os da Justi\u00e7a Eleitoral e ao cart\u00f3rio competente de Registro Civil das Pessoas Jur\u00eddicas.<\/p>\n<p><span style=\"font-weight: 400;\"><br \/>\n<\/span><span style=\"font-weight: 400;\">Fonte: Ag\u00eancia Brasil <\/span><\/p>\n","protected":false},"excerpt":{"rendered":"<p>O Tribunal Superior Eleitoral (TSE) deferiu, por unanimidade, o pedido de incorpora\u00e7\u00e3o do Partido Republicano da Ordem Social (Pros) pelo Solidariedade. Com a decis\u00e3o, tomada na sess\u00e3o desta quarta-feira (14), o Pros fica extinto. Os requisitos para o processo est\u00e3o previstos na Resolu\u00e7\u00e3o TSE n\u00ba 23.571\/2018 e na Lei dos Partidos Pol\u00edticos (Lei n\u00ba 9.096\/1995). [&hellip;]<\/p>\n","protected":false},"author":246,"featured_media":210393,"comment_status":"closed","ping_status":"closed","sticky":false,"template":"","format":"standard","meta":{"footnotes":""},"categories":[436,440,254,439],"tags":[],"class_list":["post-210392","post","type-post","status-publish","format-standard","has-post-thumbnail","hentry","category-destaque-da-semana","category-destaques-do-dia","category-politica","category-ultima-hora"],"_links":{"self":[{"href":"https:\/\/diarioregionaldigital.com.br\/index.php?rest_route=\/wp\/v2\/posts\/210392","targetHints":{"allow":["GET"]}}],"collection":[{"href":"https:\/\/diarioregionaldigital.com.br\/index.php?rest_route=\/wp\/v2\/posts"}],"about":[{"href":"https:\/\/diarioregionaldigital.com.br\/index.php?rest_route=\/wp\/v2\/types\/post"}],"author":[{"embeddable":true,"href":"https:\/\/diarioregionaldigital.com.br\/index.php?rest_route=\/wp\/v2\/users\/246"}],"replies":[{"embeddable":true,"href":"https:\/\/diarioregionaldigital.com.br\/index.php?rest_route=%2Fwp%2Fv2%2Fcomments&post=210392"}],"version-history":[{"count":2,"href":"https:\/\/diarioregionaldigital.com.br\/index.php?rest_route=\/wp\/v2\/posts\/210392\/revisions"}],"predecessor-version":[{"id":210396,"href":"https:\/\/diarioregionaldigital.com.br\/index.php?rest_route=\/wp\/v2\/posts\/210392\/revisions\/210396"}],"wp:featuredmedia":[{"embeddable":true,"href":"https:\/\/diarioregionaldigital.com.br\/index.php?rest_route=\/wp\/v2\/media\/210393"}],"wp:attachment":[{"href":"https:\/\/diarioregionaldigital.com.br\/index.php?rest_route=%2Fwp%2Fv2%2Fmedia&parent=210392"}],"wp:term":[{"taxonomy":"category","embeddable":true,"href":"https:\/\/diarioregionaldigital.com.br\/index.php?rest_route=%2Fwp%2Fv2%2Fcategories&post=210392"},{"taxonomy":"post_tag","embeddable":true,"href":"https:\/\/diarioregionaldigital.com.br\/index.php?rest_route=%2Fwp%2Fv2%2Ftags&post=210392"}],"curies":[{"name":"wp","href":"https:\/\/api.w.org\/{rel}","templated":true}]}}