{"id":210389,"date":"2023-02-16T01:55:03","date_gmt":"2023-02-16T04:55:03","guid":{"rendered":"https:\/\/diarioregionaldigital.com.br\/?p=210389"},"modified":"2023-02-16T01:55:03","modified_gmt":"2023-02-16T04:55:03","slug":"mercadante-bndes-nao-tem-um-real-de-risco-com-americanas","status":"publish","type":"post","link":"https:\/\/diarioregionaldigital.com.br\/?p=210389","title":{"rendered":"Mercadante: BNDES n\u00e3o tem um real de risco com Americanas"},"content":{"rendered":"<p>O presidente do Banco Nacional de Desenvolvimento Econ\u00f4mico e Social (BNDES), Alo\u00edzio Mercadante, disse que a institui\u00e7\u00e3o havia aberto\u00a0uma linha de cr\u00e9dito para\u00a0a\u00a0Americanas S.A. da ordem de R$ 2,4 bilh\u00f5es, mas que n\u00e3o corre amea\u00e7as\u00a0financeiras com a empresa. \u201cEles ainda tinham uma pend\u00eancia de R$ 1,2 bilh\u00e3o, mas o BNDES foi prudente, tinha carta de fian\u00e7a que j\u00e1 foi executada, j\u00e1 foi paga. N\u00f3s n\u00e3o temos um real em risco com a Americanas\u201d, garantiu, em entrevista\u00a0coletiva \u00e0 imprensa, no Rio\u00a0de Janeiro, nesta quarta-feira (15).<img decoding=\"async\" src=\"https:\/\/agenciabrasil.ebc.com.br\/ebc.png?id=1510850&amp;o=node\" \/><img decoding=\"async\" src=\"https:\/\/agenciabrasil.ebc.com.br\/ebc.gif?id=1510850&amp;o=node\" \/><\/p>\n<p>O presidente do banco disse ainda que n\u00e3o tomar\u00e1 nenhuma decis\u00e3o a respeito da companhia. Segundo afirmou, compete agora \u00e0 Comiss\u00e3o de Valores Mobili\u00e1rios (CVM) e ao Banco Central avaliar com rigor o que aconteceu, \u201cinclusive porque os s\u00f3cios principais t\u00eam um volume de capital bastante expressivo para aportar e salvar a empresa e, sobretudo, proteger os fundos de investimento, 40 mil trabalhadores e micro e pequenas empresas que s\u00e3o fornecedoras\u201d.<\/p>\n<p>Mercadante participou de reuni\u00e3o na sede do banco, no Rio\u00a0de Janeiro, que\u00a0<a href=\"https:\/\/agenciabrasil.ebc.com.br\/geral\/noticia\/2023-02\/fundo-amazonia-tem-r-33-bilhoes-em-doacoes-informa-mercadante\" target=\"_blank\" rel=\"noopener\">reinstalou o Comit\u00ea Orientador do Fundo Amaz\u00f4nia<\/a>\u00a0(Cofa), na companhia das ministras do Meio Ambiente, Marina Silva, e dos Povos Ind\u00edgenas, Sonia Guajajara.<\/p>\n<p>O Presidente do BNDES disse que vai discutir com o Minist\u00e9rio da Fazenda e a Federa\u00e7\u00e3o Brasileira de Bancos (Febraban) a abertura de linha de cr\u00e9dito para os pequenos e m\u00e9dios fornecedores da Americanas, \u201cque s\u00e3o v\u00edtimas dessa (suposta) fraude. Era uma empresa em que havia muita fideliza\u00e7\u00e3o no fornecimento e voc\u00ea tem que dar alternativa para n\u00e3o agravar a crise e essas empresas poderem continuar as suas atividades. Elas n\u00e3o t\u00eam nenhuma responsabilidade com a crise da Americanas. Ela foram v\u00edtimas. Os ind\u00edcios de fraude no balan\u00e7o s\u00e3o muito graves, est\u00e3o sendo apurados. Vamos aguardar\u201d. Para ele, o problema da Americanas junto ao banco est\u00e1 resolvido. \u201cN\u00e3o h\u00e1 possibilidade de tratar da crise da Americanas. O que n\u00f3s t\u00ednhamos que fazer j\u00e1 fizemos: executamos a fian\u00e7a e recuperamos o nosso capital\u201d.<\/p>\n<div class=\"dnd-widget-wrapper context-cheio_8colunas type-image\">\n<div class=\"dnd-atom-rendered\">\n<div class=\"shadow overflow-hidden rounded-lg d-block zoom-on-hover-sm shadow-hover w-100\"><img decoding=\"async\" class=\"flex-fill img-cover\" title=\"Fernando Fraz\u00e3o\/Ag\u00eancia Brasil\" src=\"https:\/\/imagens.ebc.com.br\/oq2qPCmYF8s1O_MhtWYGgaNLwzU=\/754x0\/smart\/https:\/\/agenciabrasil.ebc.com.br\/sites\/default\/files\/thumbnails\/image\/_mg_0471.jpg?itok=v1TjaoOa\" alt=\"Rio de Janeiro (RJ), 15\/02\/2023 - As ministras do Meio Ambiente, Marina Silva, e Povos Ind\u00edgenas, S\u00f4nia Guajajara, o presidente do BNDES, Alo\u00edzio Mercadante, falam do Comit\u00ea Orientador do Fundo Amaz\u00f4nia. Foto: Fernando Fraz\u00e3o\/Ag\u00eancia Brasil\" \/><\/div>\n<\/div>\n<div class=\"dnd-caption-wrapper\">\n<h6 class=\"meta\">Ministras do Meio Ambiente, Marina Silva, dos\u00a0Povos Ind\u00edgenas, S\u00f4nia Guajajara e\u00a0presidente do BNDES, Alo\u00edzio Mercadante, falam do Comit\u00ea Orientador do Fundo Amaz\u00f4nia. &#8211;\u00a0<strong>Fernando Fraz\u00e3o\/Ag\u00eancia Brasil<\/strong><\/h6>\n<\/div>\n<\/div>\n<h2>Hospital de empresas<\/h2>\n<p>Alo\u00edzio Mercadante assegurou que o BNDES n\u00e3o vai voltar a ser hospital de empresas. Deixou claro que o BNDES n\u00e3o tem que concorrer com o setor privado. O BNDES pode desenvolver novos mercados, e atuar, sobretudo aonde o mercado n\u00e3o chega. \u201cEsse \u00e9 o papel fundamental\u201d.<\/p>\n<p>O presidente do BNDES tamb\u00e9m esclareceu que o banco n\u00e3o pode tratar uma pequena e micro empresa ou uma cooperativa de cr\u00e9dito do mesmo modo que vai tratar um projeto de infraestrutura de 35 anos. \u201cS\u00e3o dois clientes totalmente diferentes, duas situa\u00e7\u00f5es diversas e n\u00f3s precisamos de instrumentos espec\u00edficos\u201d.<\/p>\n<p>Ele assegurou que o per\u00edodo hist\u00f3rico de subs\u00eddios com a Taxa de Juros de Longo Prazo (TJLP) do Tesouro Nacional para o banco ficou para tr\u00e1s, porque isso criou instrumentos de transfer\u00eancia de recursos do BNDES para o Tesouro. O BNDES n\u00e3o pode continuar a ser um grande financiador do Tesouro, disse Mercadante. \u201cN\u00f3s j\u00e1 transferimos R$ 678 bilh\u00f5es para o Tesouro. E n\u00e3o \u00e9 esse o papel do BNDES. Ele \u00e9 um banco de fomento, de desenvolvimento. \u00c9 um banco para gerar emprego, inova\u00e7\u00e3o, apoiar micro e pequena empresa, para fazer a transi\u00e7\u00e3o para a economia verde, para financiar a transi\u00e7\u00e3o energ\u00e9tica, para fortalecer uma agricultura de baixo carbono. Esse \u00e9 o papel hist\u00f3rico de 70 anos dessa casa e vai voltar a ser assim, enquanto eu estiver aqui\u201d.<\/p>\n<p>Mercadante prometeu ainda que o BNDES vai voltar a debater o Brasil, como fazia no tempo do falecido ministro do Planejamento, Jo\u00e3o Paulo dos Reis Veloso, do mesmo modo que n\u00e3o vai haver mais censura intelectual na institui\u00e7\u00e3o. \u201cCada um pode\u00a0ter\u00a0a sua vis\u00e3o, a sua concep\u00e7\u00e3o. N\u00f3s queremos pluralidade e diversidade, mas vai debater Brasil e pensar no futuro\u201d, concluiu.<\/p>\n<p><span style=\"font-weight: 400;\">Fonte: Ag\u00eancia Brasil <\/span><\/p>\n","protected":false},"excerpt":{"rendered":"<p>O presidente do Banco Nacional de Desenvolvimento Econ\u00f4mico e Social (BNDES), Alo\u00edzio Mercadante, disse que a institui\u00e7\u00e3o havia aberto\u00a0uma linha de cr\u00e9dito para\u00a0a\u00a0Americanas S.A. da ordem de R$ 2,4 bilh\u00f5es, mas que n\u00e3o corre amea\u00e7as\u00a0financeiras com a empresa. \u201cEles ainda tinham uma pend\u00eancia de R$ 1,2 bilh\u00e3o, mas o BNDES foi prudente, tinha carta de [&hellip;]<\/p>\n","protected":false},"author":246,"featured_media":210390,"comment_status":"closed","ping_status":"closed","sticky":false,"template":"","format":"standard","meta":{"footnotes":""},"categories":[436,261,439],"tags":[],"class_list":["post-210389","post","type-post","status-publish","format-standard","has-post-thumbnail","hentry","category-destaque-da-semana","category-economia","category-ultima-hora"],"_links":{"self":[{"href":"https:\/\/diarioregionaldigital.com.br\/index.php?rest_route=\/wp\/v2\/posts\/210389","targetHints":{"allow":["GET"]}}],"collection":[{"href":"https:\/\/diarioregionaldigital.com.br\/index.php?rest_route=\/wp\/v2\/posts"}],"about":[{"href":"https:\/\/diarioregionaldigital.com.br\/index.php?rest_route=\/wp\/v2\/types\/post"}],"author":[{"embeddable":true,"href":"https:\/\/diarioregionaldigital.com.br\/index.php?rest_route=\/wp\/v2\/users\/246"}],"replies":[{"embeddable":true,"href":"https:\/\/diarioregionaldigital.com.br\/index.php?rest_route=%2Fwp%2Fv2%2Fcomments&post=210389"}],"version-history":[{"count":1,"href":"https:\/\/diarioregionaldigital.com.br\/index.php?rest_route=\/wp\/v2\/posts\/210389\/revisions"}],"predecessor-version":[{"id":210391,"href":"https:\/\/diarioregionaldigital.com.br\/index.php?rest_route=\/wp\/v2\/posts\/210389\/revisions\/210391"}],"wp:featuredmedia":[{"embeddable":true,"href":"https:\/\/diarioregionaldigital.com.br\/index.php?rest_route=\/wp\/v2\/media\/210390"}],"wp:attachment":[{"href":"https:\/\/diarioregionaldigital.com.br\/index.php?rest_route=%2Fwp%2Fv2%2Fmedia&parent=210389"}],"wp:term":[{"taxonomy":"category","embeddable":true,"href":"https:\/\/diarioregionaldigital.com.br\/index.php?rest_route=%2Fwp%2Fv2%2Fcategories&post=210389"},{"taxonomy":"post_tag","embeddable":true,"href":"https:\/\/diarioregionaldigital.com.br\/index.php?rest_route=%2Fwp%2Fv2%2Ftags&post=210389"}],"curies":[{"name":"wp","href":"https:\/\/api.w.org\/{rel}","templated":true}]}}