{"id":210383,"date":"2023-02-16T01:48:34","date_gmt":"2023-02-16T04:48:34","guid":{"rendered":"https:\/\/diarioregionaldigital.com.br\/?p=210383"},"modified":"2023-02-16T01:48:34","modified_gmt":"2023-02-16T04:48:34","slug":"receita-passa-a-permitir-quitacao-de-debitos-com-cartao-de-credito","status":"publish","type":"post","link":"https:\/\/diarioregionaldigital.com.br\/?p=210383","title":{"rendered":"Receita passa a permitir quita\u00e7\u00e3o de d\u00e9bitos com cart\u00e3o de cr\u00e9dito"},"content":{"rendered":"<p>Contribuintes que t\u00eam pend\u00eancias com o Fisco podem quitar alguns d\u00e9bitos com cart\u00e3o de cr\u00e9dito. A Receita Federal iniciou projeto piloto que permite o uso da ferramenta para o pagamento de algumas guias de Documento de Arrecada\u00e7\u00e3o de Receitas Federais (Darf).<\/p>\n<p>Neste primeiro momento, o pagamento com cart\u00e3o de cr\u00e9dito vale para alguns ambientes da Receita Federal, do Programa Regularize e do Simples Nacional. Ao longo do ano o Fisco estender\u00e1 a modalidade para as demais situa\u00e7\u00f5es.<\/p>\n<p>O servi\u00e7o poder\u00e1 ser usado para os d\u00e9bitos em Darf na vers\u00e3o numerada emitidos pelo sistema Sicalc Web. Poder\u00e3o ser quitados com cart\u00e3o de cr\u00e9dito parcelamentos ordin\u00e1rios e simplificados da Receita Federal, d\u00e9bitos na D\u00edvida Ativa da Uni\u00e3o no renegociados pelo Programa Regularize e multas por atraso na entrega das declara\u00e7\u00f5es do Simples Nacional.<\/p>\n<p>Constru\u00eddo em parceria com o Banco do Brasil, o servi\u00e7o estar\u00e1 dispon\u00edvel 24 horas por dia nos sete dias da semana e poder\u00e1 ser realizado nessas plataformas na op\u00e7\u00e3o \u201cPagar Online\u201d. Para pagamentos ap\u00f3s \u00e0s 20h e em dia n\u00e3o \u00fatil, a data efetiva de pagamento ser\u00e1 considerada como o dia \u00fatil seguinte.<\/p>\n<p>Inicialmente, somente poder\u00e3o ser pagos d\u00e9bitos at\u00e9 R$ 15 mil com cart\u00f5es das bandeiras Visa, Mastercard e Elo, de qualquer institui\u00e7\u00e3o. O contribuinte poder\u00e1 acompanhar o pagamento e seu comprovante por e-mail e pelo Centro Virtual de Atendimento ao Contribuinte (e-CAC).<img decoding=\"async\" src=\"https:\/\/agenciabrasil.ebc.com.br\/ebc.png?id=1510797&amp;o=node\" \/><\/p>\n<p><span style=\"font-weight: 400;\">Fonte: Ag\u00eancia Brasil <\/span><img decoding=\"async\" src=\"https:\/\/agenciabrasil.ebc.com.br\/ebc.gif?id=1510797&amp;o=node\" \/><\/p>\n","protected":false},"excerpt":{"rendered":"<p>Contribuintes que t\u00eam pend\u00eancias com o Fisco podem quitar alguns d\u00e9bitos com cart\u00e3o de cr\u00e9dito. A Receita Federal iniciou projeto piloto que permite o uso da ferramenta para o pagamento de algumas guias de Documento de Arrecada\u00e7\u00e3o de Receitas Federais (Darf). Neste primeiro momento, o pagamento com cart\u00e3o de cr\u00e9dito vale para alguns ambientes da [&hellip;]<\/p>\n","protected":false},"author":246,"featured_media":210384,"comment_status":"closed","ping_status":"closed","sticky":false,"template":"","format":"standard","meta":{"footnotes":""},"categories":[436,261,439],"tags":[],"class_list":["post-210383","post","type-post","status-publish","format-standard","has-post-thumbnail","hentry","category-destaque-da-semana","category-economia","category-ultima-hora"],"_links":{"self":[{"href":"https:\/\/diarioregionaldigital.com.br\/index.php?rest_route=\/wp\/v2\/posts\/210383","targetHints":{"allow":["GET"]}}],"collection":[{"href":"https:\/\/diarioregionaldigital.com.br\/index.php?rest_route=\/wp\/v2\/posts"}],"about":[{"href":"https:\/\/diarioregionaldigital.com.br\/index.php?rest_route=\/wp\/v2\/types\/post"}],"author":[{"embeddable":true,"href":"https:\/\/diarioregionaldigital.com.br\/index.php?rest_route=\/wp\/v2\/users\/246"}],"replies":[{"embeddable":true,"href":"https:\/\/diarioregionaldigital.com.br\/index.php?rest_route=%2Fwp%2Fv2%2Fcomments&post=210383"}],"version-history":[{"count":1,"href":"https:\/\/diarioregionaldigital.com.br\/index.php?rest_route=\/wp\/v2\/posts\/210383\/revisions"}],"predecessor-version":[{"id":210385,"href":"https:\/\/diarioregionaldigital.com.br\/index.php?rest_route=\/wp\/v2\/posts\/210383\/revisions\/210385"}],"wp:featuredmedia":[{"embeddable":true,"href":"https:\/\/diarioregionaldigital.com.br\/index.php?rest_route=\/wp\/v2\/media\/210384"}],"wp:attachment":[{"href":"https:\/\/diarioregionaldigital.com.br\/index.php?rest_route=%2Fwp%2Fv2%2Fmedia&parent=210383"}],"wp:term":[{"taxonomy":"category","embeddable":true,"href":"https:\/\/diarioregionaldigital.com.br\/index.php?rest_route=%2Fwp%2Fv2%2Fcategories&post=210383"},{"taxonomy":"post_tag","embeddable":true,"href":"https:\/\/diarioregionaldigital.com.br\/index.php?rest_route=%2Fwp%2Fv2%2Ftags&post=210383"}],"curies":[{"name":"wp","href":"https:\/\/api.w.org\/{rel}","templated":true}]}}