{"id":210373,"date":"2023-02-14T19:58:06","date_gmt":"2023-02-14T22:58:06","guid":{"rendered":"https:\/\/diarioregionaldigital.com.br\/?p=210373"},"modified":"2023-02-14T19:58:06","modified_gmt":"2023-02-14T22:58:06","slug":"pjf-conclui-recapeamento-na-rua-maria-da-conceicao-marinho-no-bairro-santa-cruz","status":"publish","type":"post","link":"https:\/\/diarioregionaldigital.com.br\/?p=210373","title":{"rendered":"PJF conclui recapeamento na Rua Maria da Concei\u00e7\u00e3o Marinho, no bairro Santa Cruz"},"content":{"rendered":"<p>Segundo informa\u00e7\u00f5es do site da Prefeitura de Juiz de Fora (PJF), a PJF concluiu, no final da tarde desta segunda-feira, 13, o recapeamento asf\u00e1ltico na rua Maria da Concei\u00e7\u00e3o Marinho, no bairro Santa Cruz. Ap\u00f3s a conclus\u00e3o da remodela\u00e7\u00e3o da rede de drenagem, equipes da PJF realizaram a recomposi\u00e7\u00e3o de toda a via. No total, foram aplicadas cerca de 670 toneladas de massa asf\u00e1ltica, cobrindo 690 metros de extens\u00e3o da via, em uma \u00e1rea total de 5504 m\u00b2.<\/p>\n<p>Propriet\u00e1ria de um estabelecimento do bairro Santa Cruz, Alessandra Helena de Souza e Silva comemorou a iniciativa da PJF. \u201cCom o asfalto novo, acabaram os buracos, al\u00e9m de ter ficado mais bonito e melhor pra andar, de carro ou a p\u00e9, gostei demais\u201d.<\/p>\n<p>Espera-se que com a nova rede de drenagem e o asfalto novo, o tr\u00e2nsito da regi\u00e3o fique mais fluido, seguro e confort\u00e1vel. Al\u00e9m dos impactos diretos para a popula\u00e7\u00e3o, a revitaliza\u00e7\u00e3o do asfalto aumenta a vida \u00fatil do pavimento.<\/p>\n<p><strong>Trabalhos seguem no bairro Santa Clara e no Mascate, pr\u00f3ximo ao distrito de Monte Verde<\/strong><\/p>\n<p>A Empresa Municipal de Pavimenta\u00e7\u00e3o e Urbanidades (Empav) deu sequ\u00eancia, ainda, aos trabalhos de pavimenta\u00e7\u00e3o no bairro\u00a0Santa Clara, tamb\u00e9m na Zona Norte, e no Mascate, pr\u00f3ximo ao distrito de Monte Verde.\u00a0No total, a equipe da PJF ir\u00e1 aplicar no Mascate cerca de 94 toneladas de massa asf\u00e1ltica, cobrindo 160 metros de extens\u00e3o da via, em uma \u00e1rea total de 779 m\u00b2.<\/p>\n<p>As a\u00e7\u00f5es seguem em andamento na cidade e a programa\u00e7\u00e3o di\u00e1ria completa pode ser conferida na p\u00e1gina do Gabinete de A\u00e7\u00e3o e Di\u00e1logo Comunit\u00e1rio atrav\u00e9s do<a href=\"https:\/\/www.pjf.mg.gov.br\/gabinetecomunitario\/#onde\">\u00a0link<\/a>. Para solicitar servi\u00e7os de zeladoria em vias p\u00fablicas, como tapa-buracos, poda e corte de \u00e1rvores, limpeza de pra\u00e7as e outros, entre em contato com o Gabinete de A\u00e7\u00e3o e Di\u00e1logo Comunit\u00e1rio, atrav\u00e9s do telefone (32) 3690-7241 (liga\u00e7\u00e3o ou WhatsApp).<\/p>\n","protected":false},"excerpt":{"rendered":"<p>Segundo informa\u00e7\u00f5es do site da Prefeitura de Juiz de Fora (PJF), a PJF concluiu, no final da tarde desta segunda-feira, 13, o recapeamento asf\u00e1ltico na rua Maria da Concei\u00e7\u00e3o Marinho, no bairro Santa Cruz. Ap\u00f3s a conclus\u00e3o da remodela\u00e7\u00e3o da rede de drenagem, equipes da PJF realizaram a recomposi\u00e7\u00e3o de toda a via. No total, [&hellip;]<\/p>\n","protected":false},"author":246,"featured_media":210374,"comment_status":"closed","ping_status":"closed","sticky":false,"template":"","format":"standard","meta":{"footnotes":""},"categories":[253,436,439],"tags":[],"class_list":["post-210373","post","type-post","status-publish","format-standard","has-post-thumbnail","hentry","category-cidade","category-destaque-da-semana","category-ultima-hora"],"_links":{"self":[{"href":"https:\/\/diarioregionaldigital.com.br\/index.php?rest_route=\/wp\/v2\/posts\/210373","targetHints":{"allow":["GET"]}}],"collection":[{"href":"https:\/\/diarioregionaldigital.com.br\/index.php?rest_route=\/wp\/v2\/posts"}],"about":[{"href":"https:\/\/diarioregionaldigital.com.br\/index.php?rest_route=\/wp\/v2\/types\/post"}],"author":[{"embeddable":true,"href":"https:\/\/diarioregionaldigital.com.br\/index.php?rest_route=\/wp\/v2\/users\/246"}],"replies":[{"embeddable":true,"href":"https:\/\/diarioregionaldigital.com.br\/index.php?rest_route=%2Fwp%2Fv2%2Fcomments&post=210373"}],"version-history":[{"count":1,"href":"https:\/\/diarioregionaldigital.com.br\/index.php?rest_route=\/wp\/v2\/posts\/210373\/revisions"}],"predecessor-version":[{"id":210375,"href":"https:\/\/diarioregionaldigital.com.br\/index.php?rest_route=\/wp\/v2\/posts\/210373\/revisions\/210375"}],"wp:featuredmedia":[{"embeddable":true,"href":"https:\/\/diarioregionaldigital.com.br\/index.php?rest_route=\/wp\/v2\/media\/210374"}],"wp:attachment":[{"href":"https:\/\/diarioregionaldigital.com.br\/index.php?rest_route=%2Fwp%2Fv2%2Fmedia&parent=210373"}],"wp:term":[{"taxonomy":"category","embeddable":true,"href":"https:\/\/diarioregionaldigital.com.br\/index.php?rest_route=%2Fwp%2Fv2%2Fcategories&post=210373"},{"taxonomy":"post_tag","embeddable":true,"href":"https:\/\/diarioregionaldigital.com.br\/index.php?rest_route=%2Fwp%2Fv2%2Ftags&post=210373"}],"curies":[{"name":"wp","href":"https:\/\/api.w.org\/{rel}","templated":true}]}}