{"id":210370,"date":"2023-02-14T19:55:09","date_gmt":"2023-02-14T22:55:09","guid":{"rendered":"https:\/\/diarioregionaldigital.com.br\/?p=210370"},"modified":"2023-02-14T19:55:09","modified_gmt":"2023-02-14T22:55:09","slug":"nova-estacao-elevatoria-de-agua-da-regiao-nordeste-entra-em-operacao","status":"publish","type":"post","link":"https:\/\/diarioregionaldigital.com.br\/?p=210370","title":{"rendered":"Nova esta\u00e7\u00e3o elevat\u00f3ria de \u00e1gua da Regi\u00e3o Nordeste entra em opera\u00e7\u00e3o"},"content":{"rendered":"<p>Segundo informa\u00e7\u00f5es do site da Prefeitura de Juiz de Fora (PJF), nesta segunda-feira, 13, entrou em opera\u00e7\u00e3o a nova esta\u00e7\u00e3o elevat\u00f3ria da Prefeitura de Juiz de Fora (PJF) que ir\u00e1 abastecer a Regi\u00e3o Nordeste do munic\u00edpio. Constru\u00edda pela Companhia de Saneamento Municipal (Cesama) na Rua Santa Terezinha, no bairro de mesmo nome, a unidade ter\u00e1 como objetivo auxiliar no transporte da \u00e1gua pelos trechos mais \u00edngremes da \u00e1rea. Ap\u00f3s passar por testes operacionais na \u00faltima semana, a esta\u00e7\u00e3o agora ir\u00e1 atender as comunidades de Bairu, Bandeirantes, Bom Clima, Quintas da Avenida, Nossa Senhora das Gra\u00e7as, Eldorado, Progresso, Marumbi e Santa Paula.<\/p>\n<div id=\"box_texto_noticia\">\n<p>\u201cA nova elevat\u00f3ria ir\u00e1 acrescentar uma vaz\u00e3o de 20 litros por segundo para o sistema da Regi\u00e3o Nordeste, al\u00e9m de melhorar as condi\u00e7\u00f5es operacionais do reservat\u00f3rio Henrique de Novaes. Como consequ\u00eancia desta otimiza\u00e7\u00e3o, tamb\u00e9m iremos obter uma economia estimada de R$ 240 mil, por ano, em energia el\u00e9trica\u201d, explicou o diretor-presidente da Cesama, J\u00falio C\u00e9sar Teixeira.<\/p>\n<p><strong>Subadutora garantir\u00e1 mais agilidade ao sistema<\/strong><\/p>\n<p>Al\u00e9m da elevat\u00f3ria, a Cesama implantou uma subadutora com 1.700 metros de extens\u00e3o nas ruas Santa Terezinha, Alencar Trist\u00e3o e adjac\u00eancias. Essa tubula\u00e7\u00e3o dar\u00e1 mais agilidade e independ\u00eancia ao sistema da companhia, permitindo que a \u00e1gua possa ser distribu\u00edda sem ter que passar pelo reservat\u00f3rio Henrique de Novaes.<\/p>\n<p>Os tubos de ferro fundido da subadutora ir\u00e3o transportar \u00e1gua da nova elevat\u00f3ria para a rede existente no cruzamento entre a Avenida Bar\u00e3o do Rio Branco, no Centro, e a Rua Paracatu, em Santa Terezinha. Desse ponto, ela seguir\u00e1 at\u00e9 os reservat\u00f3rios da Rua Jacob Ant\u00f4nio Scoralick, na parte alta do Bairu. As duas obras totalizam um investimento de mais de R$ 4 milh\u00f5es em abastecimento.<br \/>\n<b>\u00a0<\/b><\/p>\n<\/div>\n<p>&nbsp;<\/p>\n<div id=\"box_compartilhar\" align=\"right\"><\/div>\n","protected":false},"excerpt":{"rendered":"<p>Segundo informa\u00e7\u00f5es do site da Prefeitura de Juiz de Fora (PJF), nesta segunda-feira, 13, entrou em opera\u00e7\u00e3o a nova esta\u00e7\u00e3o elevat\u00f3ria da Prefeitura de Juiz de Fora (PJF) que ir\u00e1 abastecer a Regi\u00e3o Nordeste do munic\u00edpio. Constru\u00edda pela Companhia de Saneamento Municipal (Cesama) na Rua Santa Terezinha, no bairro de mesmo nome, a unidade ter\u00e1 [&hellip;]<\/p>\n","protected":false},"author":246,"featured_media":210371,"comment_status":"closed","ping_status":"closed","sticky":false,"template":"","format":"standard","meta":{"footnotes":""},"categories":[253,436,439],"tags":[],"class_list":["post-210370","post","type-post","status-publish","format-standard","has-post-thumbnail","hentry","category-cidade","category-destaque-da-semana","category-ultima-hora"],"_links":{"self":[{"href":"https:\/\/diarioregionaldigital.com.br\/index.php?rest_route=\/wp\/v2\/posts\/210370","targetHints":{"allow":["GET"]}}],"collection":[{"href":"https:\/\/diarioregionaldigital.com.br\/index.php?rest_route=\/wp\/v2\/posts"}],"about":[{"href":"https:\/\/diarioregionaldigital.com.br\/index.php?rest_route=\/wp\/v2\/types\/post"}],"author":[{"embeddable":true,"href":"https:\/\/diarioregionaldigital.com.br\/index.php?rest_route=\/wp\/v2\/users\/246"}],"replies":[{"embeddable":true,"href":"https:\/\/diarioregionaldigital.com.br\/index.php?rest_route=%2Fwp%2Fv2%2Fcomments&post=210370"}],"version-history":[{"count":1,"href":"https:\/\/diarioregionaldigital.com.br\/index.php?rest_route=\/wp\/v2\/posts\/210370\/revisions"}],"predecessor-version":[{"id":210372,"href":"https:\/\/diarioregionaldigital.com.br\/index.php?rest_route=\/wp\/v2\/posts\/210370\/revisions\/210372"}],"wp:featuredmedia":[{"embeddable":true,"href":"https:\/\/diarioregionaldigital.com.br\/index.php?rest_route=\/wp\/v2\/media\/210371"}],"wp:attachment":[{"href":"https:\/\/diarioregionaldigital.com.br\/index.php?rest_route=%2Fwp%2Fv2%2Fmedia&parent=210370"}],"wp:term":[{"taxonomy":"category","embeddable":true,"href":"https:\/\/diarioregionaldigital.com.br\/index.php?rest_route=%2Fwp%2Fv2%2Fcategories&post=210370"},{"taxonomy":"post_tag","embeddable":true,"href":"https:\/\/diarioregionaldigital.com.br\/index.php?rest_route=%2Fwp%2Fv2%2Ftags&post=210370"}],"curies":[{"name":"wp","href":"https:\/\/api.w.org\/{rel}","templated":true}]}}