{"id":210367,"date":"2023-02-14T19:52:54","date_gmt":"2023-02-14T22:52:54","guid":{"rendered":"https:\/\/diarioregionaldigital.com.br\/?p=210367"},"modified":"2023-02-14T19:52:54","modified_gmt":"2023-02-14T22:52:54","slug":"encontro-de-skate-reune-criancas-e-adolescentes-na-praca-ceu","status":"publish","type":"post","link":"https:\/\/diarioregionaldigital.com.br\/?p=210367","title":{"rendered":"Encontro de Skate re\u00fane crian\u00e7as e adolescentes na Pra\u00e7a CEU"},"content":{"rendered":"<p>Segundo informa\u00e7\u00f5es do site da Prefeitura de Juiz de Fora (PJF), a Pra\u00e7a CEU (Centro de Artes e Esportes Unificados Coronel Adelmir Romualdo de Oliveira), mantida pela Prefeitura de Juiz de Fora (PJF), sedia um encontro de skate nesta quinta-feira, 16. O evento, que ter\u00e1 in\u00edcio \u00e0s 15h, marca o ciclo final do projeto \u201cC\u00e2mera na M\u00e3o, Skate no P\u00e9\u201d, que mobilizou em torno de 40 crian\u00e7as e adolescentes em duas oficinas gratuitas: Skate, com Iuri Maggi, e Audiovisual, coordenada por Jo\u00e3o Elias Jr.<\/p>\n<div id=\"box_texto_noticia\">\n<p>O encontro ter\u00e1 performance aberta de grafite, sob coordena\u00e7\u00e3o do artista e articulador cultural L\u00facio Rodrigues, participa\u00e7\u00e3o especial do MC Maloka e do MC Machado, al\u00e9m dos skatistas Nicole Costa e Marcos Paulo Batista.<\/p>\n<p>Fruto de parceria entre a Associa\u00e7\u00e3o Cultural Arte e Vida (Acav) e o Conselho Municipal da Crian\u00e7a e do Adolescente, o projeto teve in\u00edcio em meados de 2019 e acabou sendo interrompido por conta do fechamento dos equipamentos culturais, como parte do protocolo de enfrentamento \u00e0 Covid-19, em mar\u00e7o de 2020. \u201cEstamos reunindo de novo os participantes para essa confraterniza\u00e7\u00e3o e tamb\u00e9m para que possam ser gravadas as \u00faltimas cenas de um document\u00e1rio, que est\u00e1 sendo produzido pelos alunos da Oficina de Audiovisual,\u201d explica o coordenador-geral do equipamento cultural, Guy Schmidt. Segundo ele, a previs\u00e3o \u00e9 de que o filme seja lan\u00e7ado no pr\u00f3ximo m\u00eas, no anfiteatro do espa\u00e7o, localizado na Avenida\u00a0Juscelino Kubitschek 5.899\u00a0\u2013 Benfica.<\/p>\n<p>A Pra\u00e7a CEU \u00e9 gerida pela Funda\u00e7\u00e3o Cultural Alfredo Ferreira Lage (Funalfa), com presta\u00e7\u00e3o de servi\u00e7os da Acav.<\/p>\n<\/div>\n<p>&nbsp;<\/p>\n<div id=\"box_compartilhar\" align=\"right\"><\/div>\n","protected":false},"excerpt":{"rendered":"<p>Segundo informa\u00e7\u00f5es do site da Prefeitura de Juiz de Fora (PJF), a Pra\u00e7a CEU (Centro de Artes e Esportes Unificados Coronel Adelmir Romualdo de Oliveira), mantida pela Prefeitura de Juiz de Fora (PJF), sedia um encontro de skate nesta quinta-feira, 16. O evento, que ter\u00e1 in\u00edcio \u00e0s 15h, marca o ciclo final do projeto \u201cC\u00e2mera [&hellip;]<\/p>\n","protected":false},"author":246,"featured_media":210368,"comment_status":"closed","ping_status":"closed","sticky":false,"template":"","format":"standard","meta":{"footnotes":""},"categories":[253,436,439],"tags":[],"class_list":["post-210367","post","type-post","status-publish","format-standard","has-post-thumbnail","hentry","category-cidade","category-destaque-da-semana","category-ultima-hora"],"_links":{"self":[{"href":"https:\/\/diarioregionaldigital.com.br\/index.php?rest_route=\/wp\/v2\/posts\/210367","targetHints":{"allow":["GET"]}}],"collection":[{"href":"https:\/\/diarioregionaldigital.com.br\/index.php?rest_route=\/wp\/v2\/posts"}],"about":[{"href":"https:\/\/diarioregionaldigital.com.br\/index.php?rest_route=\/wp\/v2\/types\/post"}],"author":[{"embeddable":true,"href":"https:\/\/diarioregionaldigital.com.br\/index.php?rest_route=\/wp\/v2\/users\/246"}],"replies":[{"embeddable":true,"href":"https:\/\/diarioregionaldigital.com.br\/index.php?rest_route=%2Fwp%2Fv2%2Fcomments&post=210367"}],"version-history":[{"count":1,"href":"https:\/\/diarioregionaldigital.com.br\/index.php?rest_route=\/wp\/v2\/posts\/210367\/revisions"}],"predecessor-version":[{"id":210369,"href":"https:\/\/diarioregionaldigital.com.br\/index.php?rest_route=\/wp\/v2\/posts\/210367\/revisions\/210369"}],"wp:featuredmedia":[{"embeddable":true,"href":"https:\/\/diarioregionaldigital.com.br\/index.php?rest_route=\/wp\/v2\/media\/210368"}],"wp:attachment":[{"href":"https:\/\/diarioregionaldigital.com.br\/index.php?rest_route=%2Fwp%2Fv2%2Fmedia&parent=210367"}],"wp:term":[{"taxonomy":"category","embeddable":true,"href":"https:\/\/diarioregionaldigital.com.br\/index.php?rest_route=%2Fwp%2Fv2%2Fcategories&post=210367"},{"taxonomy":"post_tag","embeddable":true,"href":"https:\/\/diarioregionaldigital.com.br\/index.php?rest_route=%2Fwp%2Fv2%2Ftags&post=210367"}],"curies":[{"name":"wp","href":"https:\/\/api.w.org\/{rel}","templated":true}]}}