{"id":210364,"date":"2023-02-14T19:50:54","date_gmt":"2023-02-14T22:50:54","guid":{"rendered":"https:\/\/diarioregionaldigital.com.br\/?p=210364"},"modified":"2023-02-14T19:50:54","modified_gmt":"2023-02-14T22:50:54","slug":"pjf-divulga-detalhes-da-passarela-do-samba","status":"publish","type":"post","link":"https:\/\/diarioregionaldigital.com.br\/?p=210364","title":{"rendered":"PJF divulga detalhes da Passarela do Samba"},"content":{"rendered":"<p>Segundo informa\u00e7\u00f5es do site da Prefeitura de Juiz de Fora (PJF), em processo de montagem na Avenida Brasil, no trecho entre as pontes das ruas Manoel Setembrino de Carvalho (concentra\u00e7\u00e3o na Rua Maria Perp\u00e9tua) e Benjamin Constant (dispers\u00e3o), a Passarela do Samba de Juiz de Fora ter\u00e1 oito metros de largura e 400 de extens\u00e3o, sendo 320 metros para o desfile. A estrutura conta com oito setores de arquibancada, totalizando 2.560 lugares por noite, al\u00e9m de 14 camarotes comerciais, com dez lugares cada.<\/p>\n<div id=\"box_texto_noticia\">\n<p>Buscando garantir acessibilidade para pessoas com defici\u00eancia f\u00edsica e mobilidade reduzida, foi projetado um tablado com 64 metros quadrados e rampa de acesso. A capacidade deste setor \u00e9 de aproximadamente 60 pessoas, incluindo acompanhantes. Conforme a Liga Independente das Escolas de Samba de Juiz de Fora (Liesjuf), a ocupa\u00e7\u00e3o se dar\u00e1 mediante retirada gratuita de convite no Espa\u00e7o Cidade, localizado na Avenida Rio Branco 2.234 \u2013 Parque Halfeld \u2013 Centro. A orienta\u00e7\u00e3o da entidade \u00e9 que seja apresentado o Cart\u00e3o de Benef\u00edcio de Presta\u00e7\u00e3o Continuada da Assist\u00eancia Social Seguro Social ou documento que ateste a aposentadoria especial, emitido pelo INSS. Pessoas com defici\u00eancia que n\u00e3o tenham mobilidade reduzida t\u00eam direito \u00e0 meia-entrada nas arquibancadas, sendo necess\u00e1rio apresentar a mesma documenta\u00e7\u00e3o.<\/p>\n<p>O complexo da Passarela do Samba ter\u00e1 camarotes para autoridades, imprensa, Liga Independente das Escolas de Samba de Juiz de Fora (Liesjuf) e jurados. O projeto contempla ainda \u00e1rea de alimenta\u00e7\u00e3o, com bar dentro da passarela, al\u00e9m de food trucks e barracas no entorno da estrutura.<\/p>\n<p>Haver\u00e1 ainda posto de atendimento m\u00e9dico, com ambul\u00e2ncias equipadas, posto de venda de ingressos, estandes das secretarias de Sa\u00fade e de Direitos Humanos, que manter\u00e3o equipes trabalhando na conscientiza\u00e7\u00e3o e na orienta\u00e7\u00e3o do p\u00fablico. 60 banheiros qu\u00edmicos ser\u00e3o instalados nos setores de arquibancadas e camarotes. Outros 60 ficar\u00e3o nas \u00e1reas de concentra\u00e7\u00e3o e dispers\u00e3o. Desse total, oito cabines s\u00e3o adaptadas para pessoas com defici\u00eancia.<\/p>\n<p>A ilumina\u00e7\u00e3o da passarela vai utilizar luzes c\u00eanicas em alguns setores, como o recuo da bateria, a entrada e a sa\u00edda da estrutura. O servi\u00e7o de som ser\u00e1 em linha, com delay, voltado para o interior da passarela, de modo a reduzir a propaga\u00e7\u00e3o de ru\u00eddo para a vizinhan\u00e7a. O desfile ser\u00e1 realizado com carro de som, transmitindo simultaneamente para toda a estrutura.<\/p>\n<p><strong>Ingressos<\/strong><\/p>\n<p>Os ingressos para os setores de arquibancadas da Passarela do Samba podem ser adquiridos no Espa\u00e7o Cidade, na Avenida Rio Branco 2.234 \u2013 Centro, de segunda a sexta-feira, das 10h \u00e0s 17h, e aos s\u00e1bados e domingos, das 10h \u00e0s 14h. O pagamento pode ser feito com pix, dinheiro ou cart\u00e3o, nos seguintes valores:<\/p>\n<p><strong>* Segunda-feira, dia 20<\/strong>\u00a0&#8211; Grupo de Acesso: R$ 20<\/p>\n<p><strong>* Ter\u00e7a-feira, dia 21<\/strong>\u00a0&#8211; Grupo Especial + Escolas Mirins: R$ 30<\/p>\n<p><strong>* Passaporte com validade para os dois dias<\/strong>: R$ 40<\/p>\n<p>J\u00e1 os interessados em comprar um dos camarotes, com dez lugares e validade para dois dias, devem mandar mensagem de texto para o Whatsapp (32) 98858-1195. O pre\u00e7o \u00e9 de R$ 1.500,00, e o pagamento deve ser feito via pix. Tamb\u00e9m \u00e9 poss\u00edvel usar cart\u00e3o, se o interessado, ap\u00f3s a confirma\u00e7\u00e3o da reserva do camarote, se dirigir ao ponto presencial de venda para efetuar o pagamento.<\/p>\n<\/div>\n<p>&nbsp;<\/p>\n<div id=\"box_compartilhar\" align=\"right\">\n<div class=\"twitter\"><\/div>\n<\/div>\n","protected":false},"excerpt":{"rendered":"<p>Segundo informa\u00e7\u00f5es do site da Prefeitura de Juiz de Fora (PJF), em processo de montagem na Avenida Brasil, no trecho entre as pontes das ruas Manoel Setembrino de Carvalho (concentra\u00e7\u00e3o na Rua Maria Perp\u00e9tua) e Benjamin Constant (dispers\u00e3o), a Passarela do Samba de Juiz de Fora ter\u00e1 oito metros de largura e 400 de extens\u00e3o, [&hellip;]<\/p>\n","protected":false},"author":246,"featured_media":210365,"comment_status":"closed","ping_status":"closed","sticky":false,"template":"","format":"standard","meta":{"footnotes":""},"categories":[253,436,440,439],"tags":[],"class_list":["post-210364","post","type-post","status-publish","format-standard","has-post-thumbnail","hentry","category-cidade","category-destaque-da-semana","category-destaques-do-dia","category-ultima-hora"],"_links":{"self":[{"href":"https:\/\/diarioregionaldigital.com.br\/index.php?rest_route=\/wp\/v2\/posts\/210364","targetHints":{"allow":["GET"]}}],"collection":[{"href":"https:\/\/diarioregionaldigital.com.br\/index.php?rest_route=\/wp\/v2\/posts"}],"about":[{"href":"https:\/\/diarioregionaldigital.com.br\/index.php?rest_route=\/wp\/v2\/types\/post"}],"author":[{"embeddable":true,"href":"https:\/\/diarioregionaldigital.com.br\/index.php?rest_route=\/wp\/v2\/users\/246"}],"replies":[{"embeddable":true,"href":"https:\/\/diarioregionaldigital.com.br\/index.php?rest_route=%2Fwp%2Fv2%2Fcomments&post=210364"}],"version-history":[{"count":1,"href":"https:\/\/diarioregionaldigital.com.br\/index.php?rest_route=\/wp\/v2\/posts\/210364\/revisions"}],"predecessor-version":[{"id":210366,"href":"https:\/\/diarioregionaldigital.com.br\/index.php?rest_route=\/wp\/v2\/posts\/210364\/revisions\/210366"}],"wp:featuredmedia":[{"embeddable":true,"href":"https:\/\/diarioregionaldigital.com.br\/index.php?rest_route=\/wp\/v2\/media\/210365"}],"wp:attachment":[{"href":"https:\/\/diarioregionaldigital.com.br\/index.php?rest_route=%2Fwp%2Fv2%2Fmedia&parent=210364"}],"wp:term":[{"taxonomy":"category","embeddable":true,"href":"https:\/\/diarioregionaldigital.com.br\/index.php?rest_route=%2Fwp%2Fv2%2Fcategories&post=210364"},{"taxonomy":"post_tag","embeddable":true,"href":"https:\/\/diarioregionaldigital.com.br\/index.php?rest_route=%2Fwp%2Fv2%2Ftags&post=210364"}],"curies":[{"name":"wp","href":"https:\/\/api.w.org\/{rel}","templated":true}]}}