{"id":210354,"date":"2023-02-14T19:42:59","date_gmt":"2023-02-14T22:42:59","guid":{"rendered":"https:\/\/diarioregionaldigital.com.br\/?p=210354"},"modified":"2023-02-14T19:42:59","modified_gmt":"2023-02-14T22:42:59","slug":"bia-haddad-bate-ex-numero-2-paula-badosa-em-estreia-do-wta-500-de-doha","status":"publish","type":"post","link":"https:\/\/diarioregionaldigital.com.br\/?p=210354","title":{"rendered":"Bia Haddad bate ex-n\u00famero 2 Paula Badosa em estreia do WTA 500 de Doha"},"content":{"rendered":"<p>A brasileira Beatriz Haddad, rec\u00e9m-promovida a n\u00famero 12 no ranking da WTA, bateu na estreia a ex-n\u00famero 2 Paula Badosa (Espanha), atual 20\u00aa do mundo. Semifinalista em Abu Dhabi na \u00faltima semana, Haddad triunfou por 2 sets a 0 &#8211; \u00a0parciais de 7\/6 (8-6) e 6\/3 \u2013 e avan\u00e7ou \u00e0s oitavas de final que ocorrer\u00e3o nesta quarta (15).<img decoding=\"async\" src=\"https:\/\/agenciabrasil.ebc.com.br\/ebc.png?id=1510429&amp;o=node\" \/><img decoding=\"async\" src=\"https:\/\/agenciabrasil.ebc.com.br\/ebc.gif?id=1510429&amp;o=node\" \/><\/p>\n<p>A advers\u00e1ria ser\u00e1 a vencedora do embate desta tarde entre a russa Daria Kasatkina (9\u00aa), vice-campe\u00e3 do Aberto da Austr\u00e1lia, contra a canadense Rebecca Marino (75\u00ba), que entrou no torneio ap\u00f3s o qualificat\u00f3rio.<\/p>\n<h2>Dupla de Stefani cai na estreia<\/h2>\n<p>A nova parceria da\u00a0campinense Luisa Stefani com a cazaque Anna Danilina deu adeus precoce ao torneio de Doha\u00a0ao ser superada na estreia pela chinesa Shuai Zhang ao lado da mexicana Giuliana Olmos, por 2 sets a 1 (7\/5, 4\/6 e 10\/7). Hoje advers\u00e1rias, Stefani e Zhang formaram dupla exitosa semana passada, quando conquistaram o t\u00edtulo\u00a0no torneio de Abu Dhabi.<\/p>\n<p>A brasileira come\u00e7ou o ano com o\u00a0t\u00edtulo de duplas mistas do Aberto da Austr\u00e1lia &#8211; ao lado do ga\u00facho Rafael Matos &#8211;\u00a0 e levantou a ta\u00e7a do torneio de\u00a0duplas femininas do WTA 500 de Adelaide, em parceria com a norte-americana\u00a0Taylor Towsend.<\/p>\n<p><span style=\"font-weight: 400;\"><br \/>\n<\/span><span style=\"font-weight: 400;\">Fonte: Ag\u00eancia Brasil <\/span><\/p>\n","protected":false},"excerpt":{"rendered":"<p>A brasileira Beatriz Haddad, rec\u00e9m-promovida a n\u00famero 12 no ranking da WTA, bateu na estreia a ex-n\u00famero 2 Paula Badosa (Espanha), atual 20\u00aa do mundo. Semifinalista em Abu Dhabi na \u00faltima semana, Haddad triunfou por 2 sets a 0 &#8211; \u00a0parciais de 7\/6 (8-6) e 6\/3 \u2013 e avan\u00e7ou \u00e0s oitavas de final que ocorrer\u00e3o [&hellip;]<\/p>\n","protected":false},"author":246,"featured_media":210355,"comment_status":"closed","ping_status":"closed","sticky":false,"template":"","format":"standard","meta":{"footnotes":""},"categories":[436,257,439],"tags":[],"class_list":["post-210354","post","type-post","status-publish","format-standard","has-post-thumbnail","hentry","category-destaque-da-semana","category-esporte","category-ultima-hora"],"_links":{"self":[{"href":"https:\/\/diarioregionaldigital.com.br\/index.php?rest_route=\/wp\/v2\/posts\/210354","targetHints":{"allow":["GET"]}}],"collection":[{"href":"https:\/\/diarioregionaldigital.com.br\/index.php?rest_route=\/wp\/v2\/posts"}],"about":[{"href":"https:\/\/diarioregionaldigital.com.br\/index.php?rest_route=\/wp\/v2\/types\/post"}],"author":[{"embeddable":true,"href":"https:\/\/diarioregionaldigital.com.br\/index.php?rest_route=\/wp\/v2\/users\/246"}],"replies":[{"embeddable":true,"href":"https:\/\/diarioregionaldigital.com.br\/index.php?rest_route=%2Fwp%2Fv2%2Fcomments&post=210354"}],"version-history":[{"count":1,"href":"https:\/\/diarioregionaldigital.com.br\/index.php?rest_route=\/wp\/v2\/posts\/210354\/revisions"}],"predecessor-version":[{"id":210356,"href":"https:\/\/diarioregionaldigital.com.br\/index.php?rest_route=\/wp\/v2\/posts\/210354\/revisions\/210356"}],"wp:featuredmedia":[{"embeddable":true,"href":"https:\/\/diarioregionaldigital.com.br\/index.php?rest_route=\/wp\/v2\/media\/210355"}],"wp:attachment":[{"href":"https:\/\/diarioregionaldigital.com.br\/index.php?rest_route=%2Fwp%2Fv2%2Fmedia&parent=210354"}],"wp:term":[{"taxonomy":"category","embeddable":true,"href":"https:\/\/diarioregionaldigital.com.br\/index.php?rest_route=%2Fwp%2Fv2%2Fcategories&post=210354"},{"taxonomy":"post_tag","embeddable":true,"href":"https:\/\/diarioregionaldigital.com.br\/index.php?rest_route=%2Fwp%2Fv2%2Ftags&post=210354"}],"curies":[{"name":"wp","href":"https:\/\/api.w.org\/{rel}","templated":true}]}}