{"id":210348,"date":"2023-02-14T19:23:10","date_gmt":"2023-02-14T22:23:10","guid":{"rendered":"https:\/\/diarioregionaldigital.com.br\/?p=210348"},"modified":"2023-02-14T19:23:10","modified_gmt":"2023-02-14T22:23:10","slug":"apos-anos-de-espera-conjuntos-habitacionais-sao-entregues-na-bahia","status":"publish","type":"post","link":"https:\/\/diarioregionaldigital.com.br\/?p=210348","title":{"rendered":"Ap\u00f3s anos de espera, conjuntos habitacionais s\u00e3o entregues na Bahia"},"content":{"rendered":"<p>Ap\u00f3s anos de espera, 684 fam\u00edlias v\u00e3o receber apartamentos constru\u00eddos pelo programa Minha Casa, Minha Vida em Santo Amaro da Purifica\u00e7\u00e3o, no Rec\u00f4ncavo Baiano. As obras dos dois conjuntos habitacionais foram contratadas em 2013. A maior parte dos desembolsos, segundo dados disponibilizados pelo governo federal, foi feita\u00a0em 2015 e 2016.<img decoding=\"async\" src=\"https:\/\/agenciabrasil.ebc.com.br\/ebc.png?id=1510265&amp;o=node\" \/><img decoding=\"async\" src=\"https:\/\/agenciabrasil.ebc.com.br\/ebc.gif?id=1510265&amp;o=node\" \/><\/p>\n<p>No entanto, os pr\u00e9dios praticamente acabados n\u00e3o foram ocupados e, com isso, se deterioraram e sofreram at\u00e9 com furtos de instala\u00e7\u00f5es el\u00e9tricas e pe\u00e7as de acabamento. Foram necess\u00e1rias reformas para que eles possam ser entregues\u00a0hoje\u00a0(14). O Residencial Vida Nova Sacramento tem 244 unidades habitacionais, com um investimento de R$ 14,6 milh\u00f5es, e o Residencial Vida Nova Santo Amaro I \u00e9 composto por 440 apartamentos, com investimento de R$ 26,4 milh\u00f5es.<\/p>\n<h2>Mob\u00edlia nova<\/h2>\n<p>Com o companheiro\u00a0Em\u00eddio Barbosa, a dona de casa Sandra Cristina dos Santos, de 48 anos, tamb\u00e9m visitou o apartamento enquanto o condom\u00ednio passava\u00a0pela\u00a0\u00faltima\u00a0vistoria\u00a0e limpeza antes de ser entregue aos novos moradores. \u201cMais\u00a0de dez\u00a0anos que estou esperando. Agrade\u00e7o a Deus por\u00a0ter\u00a0sa\u00eddo\u201d, afirma.<\/p>\n<p>Sandra diz que est\u00e1 endividada pelo empr\u00e9stimo consignado oferecido a partir do Aux\u00edlio Brasil, no ano passado, e\u00a0que vai se mudar com a mob\u00edlia antiga mesmo. \u201cEu n\u00e3o tenho muitos m\u00f3veis, mas tenho umas besterinhas. Os meus bagulhos vou trazer\u201d. O\u00a0filho\u00a0Emanuel, de 13 anos, est\u00e1 empolgado com a infraestrutura de lazer oferecida no local. \u201cMeu filho ficou alegre por causa das quadras, ele gosta bastante de futebol. O sonho dele \u00e9 ser jogador\u201d, conta.<\/p>\n<p>O Minist\u00e9rio das Cidades informou\u00a0que fez uma s\u00e9rie de esfor\u00e7os nos \u00faltimos 30 dias para garantir que as obras paralisadas do Minha Casa, Minha Vida fossem entregues. A pilha de processos que chegou no \u00faltimo m\u00eas \u00e0 mesa da coordenadora de Habita\u00e7\u00e3o da Secretaria Municipal de Desenvolvimento Social de Santo Amaro, Maria da Purifica\u00e7\u00e3o Ribeiro, confirma isso. Ela conta que esperou, durante\u00a0todo o ano passado, que os processos fossem enviados pela Caixa Econ\u00f4mica Federal e agora tem que se desdobrar para dar conta da demanda.<\/p>\n<h2>Sem banheiro<\/h2>\n<p>Os im\u00f3veis destinados \u00e0 Faixa 1, com renda de at\u00e9 R$ 2,6 mil, atendem, de acordo com ela, a muitas fam\u00edlias em grande vulnerabilidade. Ribeiro explica que nas \u00e1reas\u00a0rurais do munic\u00edpio muitas pessoas vivem em casas de taipa, sem acesso a saneamento ou em \u00e1reas de risco. A pasta n\u00e3o conta com dados precisos sobre as necessidades de moradia no munic\u00edpio. Por\u00e9m, s\u00f3 na enchente de 2015, chegaram a ficar desalojadas 757 fam\u00edlias, o que d\u00e1 uma dimens\u00e3o de quantas pessoas vivem em situa\u00e7\u00e3o prec\u00e1ria.<\/p>\n<p>Como parte das exig\u00eancias do Minha Casa, Minha Vida, a secretaria vai apoiar os novos moradores na organiza\u00e7\u00e3o coletiva necess\u00e1ria para gerir os espa\u00e7os de uso comum. \u201cN\u00f3s vamos orient\u00e1-los a se organizar como condom\u00ednio. Existem pra\u00e7as, parques e quiosques que s\u00e3o de uso comum. Ent\u00e3o, a gente vai orientar como v\u00e3o usar para preservar aquele lugar\u201d, diz.<\/p>\n<p>Al\u00e9m disso, como as experi\u00eancias das fam\u00edlias s\u00e3o muito diferentes, Ribeiro destaca que \u00e9 preciso trazer tamb\u00e9m orienta\u00e7\u00f5es de como lidar com o novo patrim\u00f4nio. \u201cFazer com que as pessoas desenvolvam o sentimento de pertencimento, que aquela casa \u00e9 sua. Porque muitas fam\u00edlias nunca tiveram um lugar. Sa\u00edam de um lugar para o outro. Nunca souberam o que \u00e9 um banheiro, coleta de lixo\u201d, acrescenta.<\/p>\n<p><span style=\"font-weight: 400;\"><br \/>\n<\/span><span style=\"font-weight: 400;\">Fonte: Ag\u00eancia Brasil <\/span><\/p>\n","protected":false},"excerpt":{"rendered":"<p>Ap\u00f3s anos de espera, 684 fam\u00edlias v\u00e3o receber apartamentos constru\u00eddos pelo programa Minha Casa, Minha Vida em Santo Amaro da Purifica\u00e7\u00e3o, no Rec\u00f4ncavo Baiano. As obras dos dois conjuntos habitacionais foram contratadas em 2013. A maior parte dos desembolsos, segundo dados disponibilizados pelo governo federal, foi feita\u00a0em 2015 e 2016. No entanto, os pr\u00e9dios praticamente [&hellip;]<\/p>\n","protected":false},"author":246,"featured_media":210349,"comment_status":"closed","ping_status":"closed","sticky":false,"template":"","format":"standard","meta":{"footnotes":""},"categories":[436,254,439],"tags":[],"class_list":["post-210348","post","type-post","status-publish","format-standard","has-post-thumbnail","hentry","category-destaque-da-semana","category-politica","category-ultima-hora"],"_links":{"self":[{"href":"https:\/\/diarioregionaldigital.com.br\/index.php?rest_route=\/wp\/v2\/posts\/210348","targetHints":{"allow":["GET"]}}],"collection":[{"href":"https:\/\/diarioregionaldigital.com.br\/index.php?rest_route=\/wp\/v2\/posts"}],"about":[{"href":"https:\/\/diarioregionaldigital.com.br\/index.php?rest_route=\/wp\/v2\/types\/post"}],"author":[{"embeddable":true,"href":"https:\/\/diarioregionaldigital.com.br\/index.php?rest_route=\/wp\/v2\/users\/246"}],"replies":[{"embeddable":true,"href":"https:\/\/diarioregionaldigital.com.br\/index.php?rest_route=%2Fwp%2Fv2%2Fcomments&post=210348"}],"version-history":[{"count":1,"href":"https:\/\/diarioregionaldigital.com.br\/index.php?rest_route=\/wp\/v2\/posts\/210348\/revisions"}],"predecessor-version":[{"id":210350,"href":"https:\/\/diarioregionaldigital.com.br\/index.php?rest_route=\/wp\/v2\/posts\/210348\/revisions\/210350"}],"wp:featuredmedia":[{"embeddable":true,"href":"https:\/\/diarioregionaldigital.com.br\/index.php?rest_route=\/wp\/v2\/media\/210349"}],"wp:attachment":[{"href":"https:\/\/diarioregionaldigital.com.br\/index.php?rest_route=%2Fwp%2Fv2%2Fmedia&parent=210348"}],"wp:term":[{"taxonomy":"category","embeddable":true,"href":"https:\/\/diarioregionaldigital.com.br\/index.php?rest_route=%2Fwp%2Fv2%2Fcategories&post=210348"},{"taxonomy":"post_tag","embeddable":true,"href":"https:\/\/diarioregionaldigital.com.br\/index.php?rest_route=%2Fwp%2Fv2%2Ftags&post=210348"}],"curies":[{"name":"wp","href":"https:\/\/api.w.org\/{rel}","templated":true}]}}