{"id":210345,"date":"2023-02-14T19:19:03","date_gmt":"2023-02-14T22:19:03","guid":{"rendered":"https:\/\/diarioregionaldigital.com.br\/?p=210345"},"modified":"2023-02-14T19:19:03","modified_gmt":"2023-02-14T22:19:03","slug":"governo-vai-retomar-obras-de-37-mil-unidades-do-minha-casa-minha-vida","status":"publish","type":"post","link":"https:\/\/diarioregionaldigital.com.br\/?p=210345","title":{"rendered":"Governo vai retomar obras de 37 mil unidades do Minha Casa, Minha Vida"},"content":{"rendered":"<p>O governo federal pretende retomar ainda neste ano as obras de 37,5 mil unidades habitacionais do programa Minha Casa, Minha Vida que est\u00e3o paralisadas. Segundo levantamento, 170 mil unidades n\u00e3o foram conclu\u00eddas pelos governos anteriores, sendo que 80% das obras foram contratadas entre 2012 e 2014.<img decoding=\"async\" src=\"https:\/\/agenciabrasil.ebc.com.br\/ebc.png?id=1510268&amp;o=node\" \/><img decoding=\"async\" src=\"https:\/\/agenciabrasil.ebc.com.br\/ebc.gif?id=1510268&amp;o=node\" \/><\/p>\n<p>Ser\u00e1 avaliada\u00a0a necessidade de aporte de recursos para viabilizar a retomada ou conclus\u00e3o das obras.<\/p>\n<p>H\u00e1 a inten\u00e7\u00e3o ainda de se retomar, neste ano, 32 mil unidades com \u201centraves complexos\u201d, como ocupa\u00e7\u00f5es irregulares e problemas de infraestrutura.<\/p>\n<p>Somente\u00a0hoje\u00a0(14)\u00a0ser\u00e3o entregues, de forma simult\u00e2nea, 2,7 mil unidades habitacionais em nove munic\u00edpios de seis estados. Os investimentos totalizam R$ 206, 9 milh\u00f5es.<\/p>\n<p>Em Santo Amaro, no Rec\u00f4ncavo Baiano, ser\u00e3o entregues dois conjuntos habitacionais com o total de 684 apartamentos. As unidades habitacionais na cidade foram contratadas inicialmente em 2013 e\u00a0chegaram a ser praticamente conclu\u00eddas. No entanto, ficaram abandonadas por alguns anos e tiveram que ser reformadas.<\/p>\n<p>Em Aparecida de Goi\u00e2nia, em Goi\u00e1s, os moradores receber\u00e3o as chaves de 300 apartamentos do Residencial Ch\u00e1cara S\u00e3o Pedro II, que teve R$ 18,7 milh\u00f5es em investimentos.<\/p>\n<p>Em Contagem, Minas Gerais, ser\u00e3o entregues 600 unidades habitacionais do Residencial Icaivera 1 e 2, com R$ 54 milh\u00f5es em investimentos.<\/p>\n<p>Em Salvador, capital baiana, recebem as chaves 159 novos moradores do\u00a0Residencial Paraguari I e II.<\/p>\n<p>Em Jo\u00e3o Pessoa, ser\u00e3o entregues 160\u00a0unidades do Residencial Vista Alegre 1, que recebeu R$ 12,3 milh\u00f5es.<\/p>\n<p>Em Lauro de Freitas (BA), ficam \u00e0 disposi\u00e7\u00e3o dos novos moradores 206 apartamentos do Residencial Morada Tropical.<\/p>\n<p>No Paran\u00e1, em Corn\u00e9lio Proc\u00f3pio, s\u00e3o 238 unidades do Conjunto Habitacional Jos\u00e9 Benedito Catarino III.<\/p>\n<p>Em Pernambuco, em Santa Cruz do Capibaribe, \u00e9 entregue o Residencial Cruzeiro, com 206 unidades.<\/p>\n<p>Em Luzi\u00e2nia, em Goi\u00e1s, o Residencial Almirante Vermelho Monarca recebe 192 novos moradores.<\/p>\n<p><span style=\"font-weight: 400;\">Fonte: Ag\u00eancia Brasil <\/span><\/p>\n","protected":false},"excerpt":{"rendered":"<p>O governo federal pretende retomar ainda neste ano as obras de 37,5 mil unidades habitacionais do programa Minha Casa, Minha Vida que est\u00e3o paralisadas. Segundo levantamento, 170 mil unidades n\u00e3o foram conclu\u00eddas pelos governos anteriores, sendo que 80% das obras foram contratadas entre 2012 e 2014. Ser\u00e1 avaliada\u00a0a necessidade de aporte de recursos para viabilizar [&hellip;]<\/p>\n","protected":false},"author":246,"featured_media":210346,"comment_status":"closed","ping_status":"closed","sticky":false,"template":"","format":"standard","meta":{"footnotes":""},"categories":[436,254,439],"tags":[],"class_list":["post-210345","post","type-post","status-publish","format-standard","has-post-thumbnail","hentry","category-destaque-da-semana","category-politica","category-ultima-hora"],"_links":{"self":[{"href":"https:\/\/diarioregionaldigital.com.br\/index.php?rest_route=\/wp\/v2\/posts\/210345","targetHints":{"allow":["GET"]}}],"collection":[{"href":"https:\/\/diarioregionaldigital.com.br\/index.php?rest_route=\/wp\/v2\/posts"}],"about":[{"href":"https:\/\/diarioregionaldigital.com.br\/index.php?rest_route=\/wp\/v2\/types\/post"}],"author":[{"embeddable":true,"href":"https:\/\/diarioregionaldigital.com.br\/index.php?rest_route=\/wp\/v2\/users\/246"}],"replies":[{"embeddable":true,"href":"https:\/\/diarioregionaldigital.com.br\/index.php?rest_route=%2Fwp%2Fv2%2Fcomments&post=210345"}],"version-history":[{"count":1,"href":"https:\/\/diarioregionaldigital.com.br\/index.php?rest_route=\/wp\/v2\/posts\/210345\/revisions"}],"predecessor-version":[{"id":210347,"href":"https:\/\/diarioregionaldigital.com.br\/index.php?rest_route=\/wp\/v2\/posts\/210345\/revisions\/210347"}],"wp:featuredmedia":[{"embeddable":true,"href":"https:\/\/diarioregionaldigital.com.br\/index.php?rest_route=\/wp\/v2\/media\/210346"}],"wp:attachment":[{"href":"https:\/\/diarioregionaldigital.com.br\/index.php?rest_route=%2Fwp%2Fv2%2Fmedia&parent=210345"}],"wp:term":[{"taxonomy":"category","embeddable":true,"href":"https:\/\/diarioregionaldigital.com.br\/index.php?rest_route=%2Fwp%2Fv2%2Fcategories&post=210345"},{"taxonomy":"post_tag","embeddable":true,"href":"https:\/\/diarioregionaldigital.com.br\/index.php?rest_route=%2Fwp%2Fv2%2Ftags&post=210345"}],"curies":[{"name":"wp","href":"https:\/\/api.w.org\/{rel}","templated":true}]}}