{"id":210336,"date":"2023-02-14T19:06:22","date_gmt":"2023-02-14T22:06:22","guid":{"rendered":"https:\/\/diarioregionaldigital.com.br\/?p=210336"},"modified":"2023-02-14T19:06:22","modified_gmt":"2023-02-14T22:06:22","slug":"entrega-da-declaracao-do-imposto-de-renda-comeca-no-dia-15-de-marco","status":"publish","type":"post","link":"https:\/\/diarioregionaldigital.com.br\/?p=210336","title":{"rendered":"Entrega da Declara\u00e7\u00e3o do Imposto de Renda come\u00e7a no dia 15 de mar\u00e7o"},"content":{"rendered":"<p>A partir deste ano, o contribuinte passar\u00e1 a entregar a Declara\u00e7\u00e3o do Imposto de Renda da Pessoa F\u00edsica mais tarde. A Receita Federal adiou o prazo de envio do documento para o per\u00edodo de 15 de mar\u00e7o a 31 de maio.<\/p>\n<p>Em nota, a Receita Federal explicou que a mudan\u00e7a tem como objetivo permitir que todos os contribuintes possam ter acesso \u00e0 declara\u00e7\u00e3o pr\u00e9-preenchida do Imposto de Renda no primeiro dia de entrega.<\/p>\n<p>Segundo o auditor fiscal Jos\u00e9 Carlos Fernandes da Fonseca, supervisor nacional do Programa do Imposto de Renda, como a maioria das informa\u00e7\u00f5es oferecidas na declara\u00e7\u00e3o pr\u00e9-preenchida s\u00f3 chegam \u00e0 Receita Federal no fim de fevereiro, o Fisco precisa de um prazo para consolidar os dados. Por causa disso, o formul\u00e1rio pr\u00e9-preenchido, que proporciona mais comodidade e diminui a chance de erros pelo contribuinte, s\u00f3 sai na metade de mar\u00e7o.<\/p>\n<p>Tradicionalmente, o prazo de entrega come\u00e7ava no primeiro dia \u00fatil de mar\u00e7o e ia at\u00e9 o \u00faltimo dia \u00fatil de abril, mas as datas foram alteradas nos \u00faltimos tr\u00eas anos. Por causa da pandemia de covid-19, a data limite para a entrega das declara\u00e7\u00f5es de 2020 passou de 30 de abril para 30 de junho. Em 2021, com uma nova onda da pandemia, o fim da entrega passou de 30 de abril para 31 de maio.<\/p>\n<p>No ano passado, o prazo come\u00e7ou em 7 de mar\u00e7o, por causa do carnaval na semana anterior, e tamb\u00e9m estendeu-se at\u00e9 31 de maio. Na ocasi\u00e3o, a Receita tamb\u00e9m informou que o objetivo era reduzir os efeitos da pandemia de covid-19.<\/p>\n<p>As regras para a entrega da Declara\u00e7\u00e3o do Imposto de Renda Pessoa F\u00edsica 2023 ser\u00e3o anunciadas no pr\u00f3ximo dia 27. O prazo para a entrega do informe de rendimentos pelos empregadores, bancos e planos de sa\u00fade continua at\u00e9 28 de fevereiro.<img decoding=\"async\" src=\"https:\/\/agenciabrasil.ebc.com.br\/ebc.png?id=1510430&amp;o=node\" \/><img decoding=\"async\" src=\"https:\/\/agenciabrasil.ebc.com.br\/ebc.gif?id=1510430&amp;o=node\" \/><\/p>\n<p><span style=\"font-weight: 400;\">Fonte: Ag\u00eancia Brasil <\/span><\/p>\n","protected":false},"excerpt":{"rendered":"<p>A partir deste ano, o contribuinte passar\u00e1 a entregar a Declara\u00e7\u00e3o do Imposto de Renda da Pessoa F\u00edsica mais tarde. A Receita Federal adiou o prazo de envio do documento para o per\u00edodo de 15 de mar\u00e7o a 31 de maio. Em nota, a Receita Federal explicou que a mudan\u00e7a tem como objetivo permitir que [&hellip;]<\/p>\n","protected":false},"author":246,"featured_media":210337,"comment_status":"closed","ping_status":"closed","sticky":false,"template":"","format":"standard","meta":{"footnotes":""},"categories":[436,261,439],"tags":[],"class_list":["post-210336","post","type-post","status-publish","format-standard","has-post-thumbnail","hentry","category-destaque-da-semana","category-economia","category-ultima-hora"],"_links":{"self":[{"href":"https:\/\/diarioregionaldigital.com.br\/index.php?rest_route=\/wp\/v2\/posts\/210336","targetHints":{"allow":["GET"]}}],"collection":[{"href":"https:\/\/diarioregionaldigital.com.br\/index.php?rest_route=\/wp\/v2\/posts"}],"about":[{"href":"https:\/\/diarioregionaldigital.com.br\/index.php?rest_route=\/wp\/v2\/types\/post"}],"author":[{"embeddable":true,"href":"https:\/\/diarioregionaldigital.com.br\/index.php?rest_route=\/wp\/v2\/users\/246"}],"replies":[{"embeddable":true,"href":"https:\/\/diarioregionaldigital.com.br\/index.php?rest_route=%2Fwp%2Fv2%2Fcomments&post=210336"}],"version-history":[{"count":1,"href":"https:\/\/diarioregionaldigital.com.br\/index.php?rest_route=\/wp\/v2\/posts\/210336\/revisions"}],"predecessor-version":[{"id":210338,"href":"https:\/\/diarioregionaldigital.com.br\/index.php?rest_route=\/wp\/v2\/posts\/210336\/revisions\/210338"}],"wp:featuredmedia":[{"embeddable":true,"href":"https:\/\/diarioregionaldigital.com.br\/index.php?rest_route=\/wp\/v2\/media\/210337"}],"wp:attachment":[{"href":"https:\/\/diarioregionaldigital.com.br\/index.php?rest_route=%2Fwp%2Fv2%2Fmedia&parent=210336"}],"wp:term":[{"taxonomy":"category","embeddable":true,"href":"https:\/\/diarioregionaldigital.com.br\/index.php?rest_route=%2Fwp%2Fv2%2Fcategories&post=210336"},{"taxonomy":"post_tag","embeddable":true,"href":"https:\/\/diarioregionaldigital.com.br\/index.php?rest_route=%2Fwp%2Fv2%2Ftags&post=210336"}],"curies":[{"name":"wp","href":"https:\/\/api.w.org\/{rel}","templated":true}]}}