{"id":210332,"date":"2023-02-14T18:59:58","date_gmt":"2023-02-14T21:59:58","guid":{"rendered":"https:\/\/diarioregionaldigital.com.br\/?p=210332"},"modified":"2023-02-14T18:59:58","modified_gmt":"2023-02-14T21:59:58","slug":"pandemia-acentuou-desigualdade-brasileira-aponta-estudo-da-fgv","status":"publish","type":"post","link":"https:\/\/diarioregionaldigital.com.br\/?p=210332","title":{"rendered":"Pandemia acentuou desigualdade brasileira, aponta estudo da FGV"},"content":{"rendered":"<p>A desigualdade de renda no Brasil \u00e9 ainda maior do que o imaginado. A constata\u00e7\u00e3o \u00e9 da pesquisa da FGV Social, que uniu a base de dados do Imposto de Renda da Pessoa F\u00edsica (IRPF) \u00e0 da Pnad Cont\u00ednua, elaborada pelo Instituto Brasileiro de Geografia e Estat\u00edstica (IBGE). A pesquisa mostrou que o \u00edndice de Gini chegou a 0,7068 em 2020. O valor \u00e9 superior ao 0,6013 calculado apenas na Pnad Cont\u00ednua. Cada 0,03 ponto corresponde a uma grande mudan\u00e7a da desigualdade.<img decoding=\"async\" src=\"https:\/\/agenciabrasil.ebc.com.br\/ebc.png?id=1510481&amp;o=node\" \/><img decoding=\"async\" src=\"https:\/\/agenciabrasil.ebc.com.br\/ebc.gif?id=1510481&amp;o=node\" \/><\/p>\n<p>\u201cA desigualdade, quando a gente combina dados do imposto de renda com as pesquisas domiciliares, ela se apresenta bem mais alta, e a mudan\u00e7a dela na pandemia n\u00e3o foi de queda como se acreditava, mas de um pequeno aumento\u201d, explicou o diretor da FGV Social, Marcelo Neri, em entrevista \u00e0\u00a0<strong>Ag\u00eancia Brasil<\/strong>.<\/p>\n<p>Segundo o professor, a renda dos mais ricos revelada no imposto de renda \u00e9 mais alta do que \u00e9 captado pela Pnad. \u201cSe a pessoa declara imposto de renda, declara o que ela tem, se n\u00e3o paga imposto \u00e0 toa, ent\u00e3o h\u00e1 desigualdade por captar mais a renda dos mais ricos. E durante a pandemia, o grupo do meio, a classe m\u00e9dia, n\u00e3o teve o aux\u00edlio e tamb\u00e9m n\u00e3o tinha renda do capital para estabilizar o choque adverso\u201d, disse, acrescentando que essa parcela, classe m\u00e9dia, ainda teve mais efeitos com as perdas de empregos.<\/p>\n<p>Conforme o c\u00e1lculo do Gini, quanto mais perto de 1 est\u00e1 o indicador, maior \u00e9 a desigualdade. A pandemia tamb\u00e9m \u00e9 respons\u00e1vel por influenciar a desigualdade. Diferente do que se pensava, mesmo com o Aux\u00edlio Emergencial, a desigualdade brasileira n\u00e3o recuou durante a pandemia. Com a metodologia usual do Gini o patamar teria passado de 0,6117 para 0,6013. No entanto, com a combina\u00e7\u00e3o das bases, o indicador vai de 0,7066 para 0,7068.<\/p>\n<p>Neri destacou que as perdas dos mais ricos (os 1%) foi de 1,5%, n\u00edvel menor do que a metade da classe m\u00e9dia, que ficou em 4,2%, e se tornou, segundo o professor, a grande perdedora da pandemia.<\/p>\n<p>\u201cEmbora a renda dos mais pobres tenha sido protegida pelo Aux\u00edlio Emergencial, a renda da classe m\u00e9dia teve uma queda quase tr\u00eas vezes maior do que a do topo da distribui\u00e7\u00e3o. Foi [queda de] 4,2% para a classe m\u00e9dia e menos 1,2% para o topo da distribui\u00e7\u00e3o. A fotografia da desigualdade e o filme da pandemia s\u00e3o piores do que imaginavam. Essa \u00e9 uma imagem mais macro da pesquisa\u201d, explicou.<\/p>\n<h2>Unidades da federa\u00e7\u00e3o<\/h2>\n<p>As rendas mais altas do imposto de renda por habitante no Brasil foram notadas em Bras\u00edlia (R$ 3.148), S\u00e3o Paulo (R$ 2.063) e Rio de Janeiro (R$ 1.754). Nas capitais, Florian\u00f3polis ficou na frente (R$ 4.215), seguida de Porto Alegre (R$ 3.775) e Vit\u00f3ria (R$ 3.736). Tamb\u00e9m tiveram destaque os munic\u00edpios de Nova Lima, na Grande Belo Horizonte (R$ 8.897); S\u00e3o Caetano, na Grande S\u00e3o Paulo (R$ 4.698) e Niter\u00f3i, na Regi\u00e3o Metropolitana do Rio de Janeuiro (R$ 4.192).<\/p>\n<p>A menor declara\u00e7\u00e3o de patrim\u00f4nio por habitante foi registrada no Maranh\u00e3o (R$ 6,3 mil). Ao contr\u00e1rio, a maior \u00e9 a do Distrito Federal (R$ 95 mil), onde h\u00e1 muita concentra\u00e7\u00e3o de riqueza, liderada pelo Lago Sul (R$ 1,4 milh\u00e3o). A renda apresentada no IRPF por habitante no Lago Sul \u00e9 R$ 23.241. O valor, segundo a pesquisa, \u00e9 tr\u00eas vezes maior que o alcan\u00e7ado em Nova Lima, o munic\u00edpio mais rico do Brasil.<\/p>\n<p>O estudo mapeia fluxos de renda e estoques de ativos dos mais ricos brasileiros a partir do \u00faltimo IRPF dispon\u00edvel. Para o professor Neri, a avalia\u00e7\u00e3o \u00e9 \u00fatil para formula\u00e7\u00e3o de reformas nas pol\u00edticas de impostos sobre a renda e sobre o patrim\u00f4nio. \u201cA gente lan\u00e7a informa\u00e7\u00f5es que s\u00e3o \u00fateis para desenho de reforma de imposto de renda, taxa\u00e7\u00e3o sobre patrim\u00f4nio, sobre heran\u00e7a\u201d, disse.<\/p>\n<h2>Futuro<\/h2>\n<p>Neri avaliou que a\u00a0perspectiva\u00a0de melhoria na desigualdade \u00e9 o pagamento de um novo Bolsa Fam\u00edlia, que \u00e9 importante para os mais pobres, com um or\u00e7amento maior este ano, mas para os anos seguintes ainda n\u00e3o est\u00e1 definido.<\/p>\n<p>Ainda na redu\u00e7\u00e3o de impactos da desigualdade, o professor citou a volta do Minha Casa, Minha Vida, reincluindo a popula\u00e7\u00e3o da faixa 1, que tem rendimentos menores. \u201cTem essa agenda social na base que \u00e9 importante e determinante da desigualdade\u201d, disse.<\/p>\n<p><span style=\"font-weight: 400;\"><br \/>\n<\/span><span style=\"font-weight: 400;\">Fonte: Ag\u00eancia Brasil <\/span><\/p>\n","protected":false},"excerpt":{"rendered":"<p>A desigualdade de renda no Brasil \u00e9 ainda maior do que o imaginado. A constata\u00e7\u00e3o \u00e9 da pesquisa da FGV Social, que uniu a base de dados do Imposto de Renda da Pessoa F\u00edsica (IRPF) \u00e0 da Pnad Cont\u00ednua, elaborada pelo Instituto Brasileiro de Geografia e Estat\u00edstica (IBGE). A pesquisa mostrou que o \u00edndice de [&hellip;]<\/p>\n","protected":false},"author":246,"featured_media":210333,"comment_status":"closed","ping_status":"closed","sticky":false,"template":"","format":"standard","meta":{"footnotes":""},"categories":[436,261,439],"tags":[],"class_list":["post-210332","post","type-post","status-publish","format-standard","has-post-thumbnail","hentry","category-destaque-da-semana","category-economia","category-ultima-hora"],"_links":{"self":[{"href":"https:\/\/diarioregionaldigital.com.br\/index.php?rest_route=\/wp\/v2\/posts\/210332","targetHints":{"allow":["GET"]}}],"collection":[{"href":"https:\/\/diarioregionaldigital.com.br\/index.php?rest_route=\/wp\/v2\/posts"}],"about":[{"href":"https:\/\/diarioregionaldigital.com.br\/index.php?rest_route=\/wp\/v2\/types\/post"}],"author":[{"embeddable":true,"href":"https:\/\/diarioregionaldigital.com.br\/index.php?rest_route=\/wp\/v2\/users\/246"}],"replies":[{"embeddable":true,"href":"https:\/\/diarioregionaldigital.com.br\/index.php?rest_route=%2Fwp%2Fv2%2Fcomments&post=210332"}],"version-history":[{"count":2,"href":"https:\/\/diarioregionaldigital.com.br\/index.php?rest_route=\/wp\/v2\/posts\/210332\/revisions"}],"predecessor-version":[{"id":210335,"href":"https:\/\/diarioregionaldigital.com.br\/index.php?rest_route=\/wp\/v2\/posts\/210332\/revisions\/210335"}],"wp:featuredmedia":[{"embeddable":true,"href":"https:\/\/diarioregionaldigital.com.br\/index.php?rest_route=\/wp\/v2\/media\/210333"}],"wp:attachment":[{"href":"https:\/\/diarioregionaldigital.com.br\/index.php?rest_route=%2Fwp%2Fv2%2Fmedia&parent=210332"}],"wp:term":[{"taxonomy":"category","embeddable":true,"href":"https:\/\/diarioregionaldigital.com.br\/index.php?rest_route=%2Fwp%2Fv2%2Fcategories&post=210332"},{"taxonomy":"post_tag","embeddable":true,"href":"https:\/\/diarioregionaldigital.com.br\/index.php?rest_route=%2Fwp%2Fv2%2Ftags&post=210332"}],"curies":[{"name":"wp","href":"https:\/\/api.w.org\/{rel}","templated":true}]}}