{"id":210329,"date":"2023-02-14T18:58:08","date_gmt":"2023-02-14T21:58:08","guid":{"rendered":"https:\/\/diarioregionaldigital.com.br\/?p=210329"},"modified":"2023-02-14T18:58:08","modified_gmt":"2023-02-14T21:58:08","slug":"volkswagen-suspende-producao-ate-marco-por-falta-de-componentes","status":"publish","type":"post","link":"https:\/\/diarioregionaldigital.com.br\/?p=210329","title":{"rendered":"Volkswagen suspende produ\u00e7\u00e3o at\u00e9 mar\u00e7o por falta de componentes"},"content":{"rendered":"<p>A montadora Volkswagen decidiu suspender as atividades em tr\u00eas f\u00e1bricas do Brasil por causa da falta de componentes. Nas unidades de S\u00e3o Bernardo do Campo, no ABC Paulista, e S\u00e3o Jos\u00e9 dos Pinhais, no Paran\u00e1, a interrup\u00e7\u00e3o da produ\u00e7\u00e3o ser\u00e1 dos dias 22 de fevereiro a 3 de mar\u00e7o. Os trabalhadores entram em f\u00e9rias coletivas.<img decoding=\"async\" src=\"https:\/\/agenciabrasil.ebc.com.br\/ebc.png?id=1510421&amp;o=node\" \/><img decoding=\"async\" src=\"https:\/\/agenciabrasil.ebc.com.br\/ebc.gif?id=1510421&amp;o=node\" \/><\/p>\n<p>Segundo a empresa, a paralisa\u00e7\u00e3o j\u00e1 estava planejada desde o ano passado e faz parte da \u201cestrat\u00e9gia da montadora de flexibiliza\u00e7\u00e3o nos processos produtivos devido ao fornecimento de componentes.\u201d<\/p>\n<p>Os trabalhadores da f\u00e1brica de motores em S\u00e3o Carlos, no interior paulista, estar\u00e3o em f\u00e9rias coletivas dos dias 20 de fevereiro a 1\u00ba de mar\u00e7o.<\/p>\n<p>As atividades da f\u00e1brica de autom\u00f3veis em Taubat\u00e9 seguem normalmente em fevereiro, com dois turnos de produ\u00e7\u00e3o, segundo informou a montadora. Segundo informa\u00e7\u00f5es do Sindicato dos Metal\u00fargicos do ABC, esta unidade produz o Polo Track, substituto do modelo Gol.<\/p>\n<p>A ind\u00fastria automotiva mundial enfrenta a falta de semicondutores desde 2021. N\u00e3o \u00e9 a primeira vez que a montadora paralisa a produ\u00e7\u00e3o por falta de componentes.\u00a0<a href=\"https:\/\/agenciabrasil.ebc.com.br\/economia\/noticia\/2022-05\/por-falta-de-semicondutores-volkswagen-da-ferias-coletivas\" target=\"_blank\" rel=\"noopener\">Em 2022, foram, pelo menos, duas interrup\u00e7\u00f5es<\/a>, em maio e em junho.<\/p>\n<p><span style=\"font-weight: 400;\">Fonte: Ag\u00eancia Brasil <\/span><\/p>\n","protected":false},"excerpt":{"rendered":"<p>A montadora Volkswagen decidiu suspender as atividades em tr\u00eas f\u00e1bricas do Brasil por causa da falta de componentes. Nas unidades de S\u00e3o Bernardo do Campo, no ABC Paulista, e S\u00e3o Jos\u00e9 dos Pinhais, no Paran\u00e1, a interrup\u00e7\u00e3o da produ\u00e7\u00e3o ser\u00e1 dos dias 22 de fevereiro a 3 de mar\u00e7o. Os trabalhadores entram em f\u00e9rias coletivas. [&hellip;]<\/p>\n","protected":false},"author":246,"featured_media":210330,"comment_status":"closed","ping_status":"closed","sticky":false,"template":"","format":"standard","meta":{"footnotes":""},"categories":[436,261,439],"tags":[],"class_list":["post-210329","post","type-post","status-publish","format-standard","has-post-thumbnail","hentry","category-destaque-da-semana","category-economia","category-ultima-hora"],"_links":{"self":[{"href":"https:\/\/diarioregionaldigital.com.br\/index.php?rest_route=\/wp\/v2\/posts\/210329","targetHints":{"allow":["GET"]}}],"collection":[{"href":"https:\/\/diarioregionaldigital.com.br\/index.php?rest_route=\/wp\/v2\/posts"}],"about":[{"href":"https:\/\/diarioregionaldigital.com.br\/index.php?rest_route=\/wp\/v2\/types\/post"}],"author":[{"embeddable":true,"href":"https:\/\/diarioregionaldigital.com.br\/index.php?rest_route=\/wp\/v2\/users\/246"}],"replies":[{"embeddable":true,"href":"https:\/\/diarioregionaldigital.com.br\/index.php?rest_route=%2Fwp%2Fv2%2Fcomments&post=210329"}],"version-history":[{"count":1,"href":"https:\/\/diarioregionaldigital.com.br\/index.php?rest_route=\/wp\/v2\/posts\/210329\/revisions"}],"predecessor-version":[{"id":210331,"href":"https:\/\/diarioregionaldigital.com.br\/index.php?rest_route=\/wp\/v2\/posts\/210329\/revisions\/210331"}],"wp:featuredmedia":[{"embeddable":true,"href":"https:\/\/diarioregionaldigital.com.br\/index.php?rest_route=\/wp\/v2\/media\/210330"}],"wp:attachment":[{"href":"https:\/\/diarioregionaldigital.com.br\/index.php?rest_route=%2Fwp%2Fv2%2Fmedia&parent=210329"}],"wp:term":[{"taxonomy":"category","embeddable":true,"href":"https:\/\/diarioregionaldigital.com.br\/index.php?rest_route=%2Fwp%2Fv2%2Fcategories&post=210329"},{"taxonomy":"post_tag","embeddable":true,"href":"https:\/\/diarioregionaldigital.com.br\/index.php?rest_route=%2Fwp%2Fv2%2Ftags&post=210329"}],"curies":[{"name":"wp","href":"https:\/\/api.w.org\/{rel}","templated":true}]}}