{"id":210312,"date":"2023-02-13T23:26:03","date_gmt":"2023-02-14T02:26:03","guid":{"rendered":"https:\/\/diarioregionaldigital.com.br\/?p=210312"},"modified":"2023-02-13T23:26:03","modified_gmt":"2023-02-14T02:26:03","slug":"pjf-da-sequencia-a-pavimentacao-de-vias-do-bairro-santa-clara","status":"publish","type":"post","link":"https:\/\/diarioregionaldigital.com.br\/?p=210312","title":{"rendered":"PJF d\u00e1 sequ\u00eancia a pavimenta\u00e7\u00e3o de vias do bairro Santa Clara"},"content":{"rendered":"<p>Segundo informa\u00e7\u00f5es do site da Prefeitura de Juiz de Fora (PJF), a PJF intensificou os trabalhos de pavimenta\u00e7\u00e3o nas vias do bairro Santa Clara. No final de semana, as equipes da PJF terminaram os servi\u00e7os na Rua Jo\u00e3o Ferreira de Morais e seguem com a interven\u00e7\u00e3o na rua Vicente Saada, nesta segunda-feira, 13.<\/p>\n<p>Al\u00e9m de facilitar o deslocamento da popula\u00e7\u00e3o, o novo asfalto trar\u00e1 mais conforto e seguran\u00e7a para pedestres e motoristas que transitam pela via. At\u00e9 o final de fevereiro os moradores do bairro Santa Clara ir\u00e3o contar com pavimento novo em toda a regi\u00e3o.<\/p>\n<p><strong>Reta final de recapeamento na rua Maria da Concei\u00e7\u00e3o Marinho<\/strong><\/p>\n<p>Tamb\u00e9m nesta segunda, 13, a\u00a0Empresa Municipal de Pavimenta\u00e7\u00e3o e Urbanidades (Empav)\u00a0entrou na reta final do recapeamento da Rua Maria da Concei\u00e7\u00e3o Marinho, no bairro Santa Cruz.\u00a0Ap\u00f3s a conclus\u00e3o da remodela\u00e7\u00e3o da rede de drenagem realizada pela Secretaria de Obras (SO), equipes da Empav est\u00e3o realizando o recapeamento da via.\u00a0A previs\u00e3o \u00e9 que os trabalhos sejam conclu\u00eddos ainda nesta segunda-feira, 13, e que, ap\u00f3s as obras, a popula\u00e7\u00e3o desfrute de um tr\u00e1fego mais seguro, fluido e confort\u00e1vel.<\/p>\n<p>As a\u00e7\u00f5es seguem em andamento na cidade e a programa\u00e7\u00e3o di\u00e1ria completa pode ser conferida na p\u00e1gina do Gabinete de A\u00e7\u00e3o e Di\u00e1logo Comunit\u00e1rio atrav\u00e9s do<a href=\"https:\/\/www.pjf.mg.gov.br\/gabinetecomunitario\/#onde\">\u00a0<strong>link<\/strong><\/a>. Para solicitar servi\u00e7os de zeladoria em vias p\u00fablicas, como tapa-buracos, poda e corte de \u00e1rvores, limpeza de pra\u00e7as e outros, entre em contato com o Gabinete de A\u00e7\u00e3o e Di\u00e1logo Comunit\u00e1rio, atrav\u00e9s do telefone (32) 3690-7241 (liga\u00e7\u00e3o ou WhatsApp).<\/p>\n","protected":false},"excerpt":{"rendered":"<p>Segundo informa\u00e7\u00f5es do site da Prefeitura de Juiz de Fora (PJF), a PJF intensificou os trabalhos de pavimenta\u00e7\u00e3o nas vias do bairro Santa Clara. No final de semana, as equipes da PJF terminaram os servi\u00e7os na Rua Jo\u00e3o Ferreira de Morais e seguem com a interven\u00e7\u00e3o na rua Vicente Saada, nesta segunda-feira, 13. Al\u00e9m de [&hellip;]<\/p>\n","protected":false},"author":246,"featured_media":210313,"comment_status":"closed","ping_status":"closed","sticky":false,"template":"","format":"standard","meta":{"footnotes":""},"categories":[253,436,439],"tags":[],"class_list":["post-210312","post","type-post","status-publish","format-standard","has-post-thumbnail","hentry","category-cidade","category-destaque-da-semana","category-ultima-hora"],"_links":{"self":[{"href":"https:\/\/diarioregionaldigital.com.br\/index.php?rest_route=\/wp\/v2\/posts\/210312","targetHints":{"allow":["GET"]}}],"collection":[{"href":"https:\/\/diarioregionaldigital.com.br\/index.php?rest_route=\/wp\/v2\/posts"}],"about":[{"href":"https:\/\/diarioregionaldigital.com.br\/index.php?rest_route=\/wp\/v2\/types\/post"}],"author":[{"embeddable":true,"href":"https:\/\/diarioregionaldigital.com.br\/index.php?rest_route=\/wp\/v2\/users\/246"}],"replies":[{"embeddable":true,"href":"https:\/\/diarioregionaldigital.com.br\/index.php?rest_route=%2Fwp%2Fv2%2Fcomments&post=210312"}],"version-history":[{"count":1,"href":"https:\/\/diarioregionaldigital.com.br\/index.php?rest_route=\/wp\/v2\/posts\/210312\/revisions"}],"predecessor-version":[{"id":210314,"href":"https:\/\/diarioregionaldigital.com.br\/index.php?rest_route=\/wp\/v2\/posts\/210312\/revisions\/210314"}],"wp:featuredmedia":[{"embeddable":true,"href":"https:\/\/diarioregionaldigital.com.br\/index.php?rest_route=\/wp\/v2\/media\/210313"}],"wp:attachment":[{"href":"https:\/\/diarioregionaldigital.com.br\/index.php?rest_route=%2Fwp%2Fv2%2Fmedia&parent=210312"}],"wp:term":[{"taxonomy":"category","embeddable":true,"href":"https:\/\/diarioregionaldigital.com.br\/index.php?rest_route=%2Fwp%2Fv2%2Fcategories&post=210312"},{"taxonomy":"post_tag","embeddable":true,"href":"https:\/\/diarioregionaldigital.com.br\/index.php?rest_route=%2Fwp%2Fv2%2Ftags&post=210312"}],"curies":[{"name":"wp","href":"https:\/\/api.w.org\/{rel}","templated":true}]}}