{"id":210176,"date":"2023-02-09T19:51:19","date_gmt":"2023-02-09T22:51:19","guid":{"rendered":"https:\/\/diarioregionaldigital.com.br\/?p=210176"},"modified":"2023-02-09T19:51:19","modified_gmt":"2023-02-09T22:51:19","slug":"encontro-na-uerj-discute-governanca-para-melhorar-projetos-esportivos","status":"publish","type":"post","link":"https:\/\/diarioregionaldigital.com.br\/?p=210176","title":{"rendered":"Encontro na Uerj discute governan\u00e7a para melhorar projetos esportivos"},"content":{"rendered":"<p>O incentivo ao empreendedorismo e o uso de novas tecnologias podem ser o caminho para melhorar a gest\u00e3o na \u00e1rea esportiva. O assunto foi discutido nesta quinta-feira (9) no semin\u00e1rio Inova\u00e7\u00f5es na Governan\u00e7a de Entidades Esportivas, que reuniu especialistas da \u00e1rea no audit\u00f3rio da reitoria da Universidade do Estado do Rio de Janeiro (Uerj), no\u00a0<em>campus<\/em>\u00a0do Maracan\u00e3, na zona norte do Rio.<img decoding=\"async\" src=\"https:\/\/agenciabrasil.ebc.com.br\/ebc.png?id=1509434&amp;o=node\" \/><img decoding=\"async\" src=\"https:\/\/agenciabrasil.ebc.com.br\/ebc.gif?id=1509434&amp;o=node\" \/><\/p>\n<p>O objetivo do encontro foi criar uma agenda para envolver alunos e docentes da Uerj no tema da gest\u00e3o de grandes projetos, em particular, do ambiente ol\u00edmpico. Organizado pelas professoras Bianca Gama, do Departamento de Inova\u00e7\u00e3o, e Marinilza Bruno de Carvalho, da Diretoria de Inova\u00e7\u00e3o, a atividade resulta de trabalho conjunto entre o Grupo de Pesquisas em Estudos Ol\u00edmpicos da universidade, reconhecido pelo Comit\u00ea Ol\u00edmpico Brasileiro, o Olympic Studies Center do Comit\u00ea Ol\u00edmpico Internacional e o eMuseu do Esporte, que \u00e9 uma iniciativa da Uerj.<\/p>\n<p>Segundo o reitor M\u00e1rio Carneiro, a Uerj abrange v\u00e1rias \u00e1reas do conhecimento, tem mais de 40 mil alunos, foi pioneira no sistema de cotas no Brasil e no ensino noturno, o que permitiu a trabalhadores fazer cursos superiores \u00e0 noite.<\/p>\n<p>Carneiro lembrou que a Uerj tem atualmente tem um dos maiores programas de inclus\u00e3o social. \u201cO esporte e a inova\u00e7\u00e3o s\u00e3o muito importantes na vida de todos n\u00f3s\u201d, destacou o reitor na abertura do encontro. \u201cA uni\u00e3o dos esfor\u00e7os, com certeza, vai trazer algo inovador. A gest\u00e3o \u00e9 important\u00edssima para que as coisas aconte\u00e7am de maneira benfeita. N\u00e3o tenho d\u00favida de que podemos contribuir\u201d, disse Carneiro \u00e0\u00a0<strong>Ag\u00eancia Brasil<\/strong>.<\/p>\n<p>O professor da Universidade de Lausanne, na Su\u00ed\u00e7a, Jean-Loup Chappelet, um conhecido especialista em governan\u00e7a de entidades ol\u00edmpicas, ressaltou que existem duas palavras importantes em projetos de gest\u00e3o esportiva:<em>\u00a0steakholders<\/em>, que s\u00e3o parceiros interessados que atuam de acordo com as pr\u00e1ticas de governan\u00e7a corporativa de um projeto, uma empresa, um evento ou um empreendimento; e sistema.<\/p>\n<p>De acordo com Chappelet, no come\u00e7o do sistema ol\u00edmpico, havia apenas dois\u00a0<em>steakholders<\/em>, mas o n\u00famero avan\u00e7ou. \u201c[Hoje]\u00a0<em>steakholders<\/em>\u00a0de tipos novos geram inova\u00e7\u00e3o na governan\u00e7a. Os\u00a0<em>steakholders\u00a0<\/em>formam um sistema, e n\u00e3o s\u00f3 eles s\u00e3o importantes, mas a rela\u00e7\u00e3o entre eles. Compreende o todo do sistema ol\u00edmpico\u201d, afirmou o professor su\u00ed\u00e7o. Chappelet acrescentou que eles tamb\u00e9m produzem o financiamento do sistema.<\/p>\n<p>Bianca Gama destacou que o debate no semin\u00e1rio pode provocar um avan\u00e7o na medida em que se consiga agregar o desempenho de cada entidade esportiva, mesmo com as suas limita\u00e7\u00f5es, oportunidades, for\u00e7as e fraquezas. \u201cSe a gente, enquanto entidades esportivas, consegue identificar as fraquezas de cada uma e fazer daquilo como uma grande oportunidade, integrando todas elas, isso faz a diferen\u00e7a\u201d, afirmou, em entrevista \u00e0\u00a0<strong>Ag\u00eancia Brasil<\/strong>.<\/p>\n<p>Para a professora, o eMuseu do Esporte \u00e9 um\u00a0<em>case<\/em>\u00a0de como a sociedade tem voz ativa em qualquer projeto esportivo, sendo amador, atleta, f\u00e3s, confedera\u00e7\u00e3o, entidade esportiva ou comit\u00ea. \u201cA gente consegue fazer com que o projeto, agregando v\u00e1rios outros\u00a0<em>stakeholders<\/em>, entregue uma informa\u00e7\u00e3o de qualidade, que \u00e9 a mem\u00f3ria esportiva de uma na\u00e7\u00e3o, criada por v\u00e1rias m\u00e3os e dispon\u00edvel para todos. E todos tamb\u00e9m podendo compartilhar dessa hist\u00f3ria.\u201d<\/p>\n<p>Entre os desafios para juntar tantos parceiros e levar adiante a governan\u00e7a de um projeto esportivo, Bianca citou a dificuldade legal de recursos financeiros, de entender como se protegem as partes e de entender a melhor parte de cada um, al\u00e9m das limita\u00e7\u00f5es burocr\u00e1ticas e administrativas. \u201cEste \u00e9 o desafio: botar na mesa diversos\u00a0<em>players<\/em>, da iniciativa privada e da iniciativa p\u00fablica, para extrair o melhor de cada um. Mas existem barreiras e limita\u00e7\u00f5es, e o empreendedorismo e a inova\u00e7\u00e3o v\u00eam para quebrar essas barreiras.\u201d<\/p>\n<p>O professor colaborador do Programa de P\u00f3s-Gradua\u00e7\u00e3o em Ci\u00eancias do Exerc\u00edcio e do Esporte e ex-membro do Conselho de Pesquisas do Comit\u00ea Ol\u00edmpico Internacional, Lamartine DaCosta, destacou a necessidade de transi\u00e7\u00e3o para uma cultura globalizada, que \u00e9 digital, o que cria muitos desafios para o esporte. \u201cOs nossos desafios no esporte s\u00e3o generalizados, [assim como os] da humanidade em geral. A nossa experi\u00eancia n\u00e3o \u00e9 isolada, mas de trocas internacionais\u201d, afirmou.<\/p>\n<p>A professora Leila Andrade, que dirige a Rede Sirius, composta por 26 bibliotecas na Uerj, destacou a participa\u00e7\u00e3o da entidade no projeto do eMuseu, que foi na montagem da mem\u00f3ria esportiva. Uma das a\u00e7\u00f5es foi a digitaliza\u00e7\u00e3o das fotos e das fichas cadastrais dos atletas da Confedera\u00e7\u00e3o Brasileira de Basquete.<\/p>\n<p>Foram digitalizadas 382 fichas cadastrais, cerca de 115 fotos de campeonatos mundiais masculino e feminino, 108 de jogos ol\u00edmpicos. \u201cE tivemos uma grata surpresa ao manusear documentos referentes \u00e0s Olimp\u00edadas de Londres, em 1948; de Roma, em 1960; e de Atlanta, em 1996, e tamb\u00e9m dos Jogos Pan-Americanos de Chicago, em1959; da Col\u00f4mbia, em 1971; de Havana, em 1991; e de Indian\u00e1polis, em 1987. Com esses documentos deu-se in\u00edcio ao eMuseu do Esporte\u201d, lembrou a professora.<\/p>\n<p>Leila Andrade enfatizou que esta foi uma contribui\u00e7\u00e3o muito importante da Rede Sirius para o eMuseu do Esporte.<\/p>\n<p><span style=\"font-weight: 400;\"><br \/>\n<\/span><span style=\"font-weight: 400;\">Fonte: Ag\u00eancia Brasil <\/span><\/p>\n","protected":false},"excerpt":{"rendered":"<p>O incentivo ao empreendedorismo e o uso de novas tecnologias podem ser o caminho para melhorar a gest\u00e3o na \u00e1rea esportiva. O assunto foi discutido nesta quinta-feira (9) no semin\u00e1rio Inova\u00e7\u00f5es na Governan\u00e7a de Entidades Esportivas, que reuniu especialistas da \u00e1rea no audit\u00f3rio da reitoria da Universidade do Estado do Rio de Janeiro (Uerj), no\u00a0campus\u00a0do [&hellip;]<\/p>\n","protected":false},"author":246,"featured_media":210177,"comment_status":"closed","ping_status":"closed","sticky":false,"template":"","format":"standard","meta":{"footnotes":""},"categories":[436,257,439],"tags":[],"class_list":["post-210176","post","type-post","status-publish","format-standard","has-post-thumbnail","hentry","category-destaque-da-semana","category-esporte","category-ultima-hora"],"_links":{"self":[{"href":"https:\/\/diarioregionaldigital.com.br\/index.php?rest_route=\/wp\/v2\/posts\/210176","targetHints":{"allow":["GET"]}}],"collection":[{"href":"https:\/\/diarioregionaldigital.com.br\/index.php?rest_route=\/wp\/v2\/posts"}],"about":[{"href":"https:\/\/diarioregionaldigital.com.br\/index.php?rest_route=\/wp\/v2\/types\/post"}],"author":[{"embeddable":true,"href":"https:\/\/diarioregionaldigital.com.br\/index.php?rest_route=\/wp\/v2\/users\/246"}],"replies":[{"embeddable":true,"href":"https:\/\/diarioregionaldigital.com.br\/index.php?rest_route=%2Fwp%2Fv2%2Fcomments&post=210176"}],"version-history":[{"count":1,"href":"https:\/\/diarioregionaldigital.com.br\/index.php?rest_route=\/wp\/v2\/posts\/210176\/revisions"}],"predecessor-version":[{"id":210178,"href":"https:\/\/diarioregionaldigital.com.br\/index.php?rest_route=\/wp\/v2\/posts\/210176\/revisions\/210178"}],"wp:featuredmedia":[{"embeddable":true,"href":"https:\/\/diarioregionaldigital.com.br\/index.php?rest_route=\/wp\/v2\/media\/210177"}],"wp:attachment":[{"href":"https:\/\/diarioregionaldigital.com.br\/index.php?rest_route=%2Fwp%2Fv2%2Fmedia&parent=210176"}],"wp:term":[{"taxonomy":"category","embeddable":true,"href":"https:\/\/diarioregionaldigital.com.br\/index.php?rest_route=%2Fwp%2Fv2%2Fcategories&post=210176"},{"taxonomy":"post_tag","embeddable":true,"href":"https:\/\/diarioregionaldigital.com.br\/index.php?rest_route=%2Fwp%2Fv2%2Ftags&post=210176"}],"curies":[{"name":"wp","href":"https:\/\/api.w.org\/{rel}","templated":true}]}}