{"id":210173,"date":"2023-02-09T19:50:04","date_gmt":"2023-02-09T22:50:04","guid":{"rendered":"https:\/\/diarioregionaldigital.com.br\/?p=210173"},"modified":"2023-02-09T19:50:04","modified_gmt":"2023-02-09T22:50:04","slug":"corinthians-derrota-inter-e-se-garante-na-final-da-supercopa-do-brasil","status":"publish","type":"post","link":"https:\/\/diarioregionaldigital.com.br\/?p=210173","title":{"rendered":"Corinthians derrota Inter e se garante na final da Supercopa do Brasil"},"content":{"rendered":"<p>O Corinthians garantiu presen\u00e7a na decis\u00e3o da Supercopa do Brasil Feminina ap\u00f3s derrotar o Internacional por 2 a 0, na tarde desta quinta-feira (9) em Itaquera, S\u00e3o Paulo. Agora, as Brabas do Tim\u00e3o medir\u00e3o for\u00e7as com o Flamengo no pr\u00f3ximo domingo (12) em busca do t\u00edtulo.<img decoding=\"async\" src=\"https:\/\/agenciabrasil.ebc.com.br\/ebc.png?id=1509439&amp;o=node\" \/><img decoding=\"async\" src=\"https:\/\/agenciabrasil.ebc.com.br\/ebc.gif?id=1509439&amp;o=node\" \/><\/p>\n<p>Caso supere o Rubro-Negro na final, o Corinthians chegar\u00e1 ao bicampeonato da competi\u00e7\u00e3o, que teve a sua primeira edi\u00e7\u00e3o no \u00faltimo ano.<\/p>\n<p>Ap\u00f3s uma etapa inicial sem gols, o placar foi aberto pelas Brabas do Tim\u00e3o aos 13 minutos do segundo tempo, quando Gabi Portilho dominou na ponta direita e cruzou para Diany bater de primeira. Aos 24 a equipe do Parque S\u00e3o Jorge ampliou a vantagem, quando a lateral Tamires cobrou p\u00eanalti com muita categoria.<\/p>\n<p>Aos 39 Priscila ainda descontou para as Gurias Coloradas. Por\u00e9m, o Corinthians administrou o jogo at\u00e9 o apito final para ficar com a classifica\u00e7\u00e3o.<\/p>\n<p><span style=\"font-weight: 400;\">Fonte: Ag\u00eancia Brasil <\/span><\/p>\n","protected":false},"excerpt":{"rendered":"<p>O Corinthians garantiu presen\u00e7a na decis\u00e3o da Supercopa do Brasil Feminina ap\u00f3s derrotar o Internacional por 2 a 0, na tarde desta quinta-feira (9) em Itaquera, S\u00e3o Paulo. Agora, as Brabas do Tim\u00e3o medir\u00e3o for\u00e7as com o Flamengo no pr\u00f3ximo domingo (12) em busca do t\u00edtulo. Caso supere o Rubro-Negro na final, o Corinthians chegar\u00e1 [&hellip;]<\/p>\n","protected":false},"author":246,"featured_media":210174,"comment_status":"closed","ping_status":"closed","sticky":false,"template":"","format":"standard","meta":{"footnotes":""},"categories":[436,257,439],"tags":[],"class_list":["post-210173","post","type-post","status-publish","format-standard","has-post-thumbnail","hentry","category-destaque-da-semana","category-esporte","category-ultima-hora"],"_links":{"self":[{"href":"https:\/\/diarioregionaldigital.com.br\/index.php?rest_route=\/wp\/v2\/posts\/210173","targetHints":{"allow":["GET"]}}],"collection":[{"href":"https:\/\/diarioregionaldigital.com.br\/index.php?rest_route=\/wp\/v2\/posts"}],"about":[{"href":"https:\/\/diarioregionaldigital.com.br\/index.php?rest_route=\/wp\/v2\/types\/post"}],"author":[{"embeddable":true,"href":"https:\/\/diarioregionaldigital.com.br\/index.php?rest_route=\/wp\/v2\/users\/246"}],"replies":[{"embeddable":true,"href":"https:\/\/diarioregionaldigital.com.br\/index.php?rest_route=%2Fwp%2Fv2%2Fcomments&post=210173"}],"version-history":[{"count":1,"href":"https:\/\/diarioregionaldigital.com.br\/index.php?rest_route=\/wp\/v2\/posts\/210173\/revisions"}],"predecessor-version":[{"id":210175,"href":"https:\/\/diarioregionaldigital.com.br\/index.php?rest_route=\/wp\/v2\/posts\/210173\/revisions\/210175"}],"wp:featuredmedia":[{"embeddable":true,"href":"https:\/\/diarioregionaldigital.com.br\/index.php?rest_route=\/wp\/v2\/media\/210174"}],"wp:attachment":[{"href":"https:\/\/diarioregionaldigital.com.br\/index.php?rest_route=%2Fwp%2Fv2%2Fmedia&parent=210173"}],"wp:term":[{"taxonomy":"category","embeddable":true,"href":"https:\/\/diarioregionaldigital.com.br\/index.php?rest_route=%2Fwp%2Fv2%2Fcategories&post=210173"},{"taxonomy":"post_tag","embeddable":true,"href":"https:\/\/diarioregionaldigital.com.br\/index.php?rest_route=%2Fwp%2Fv2%2Ftags&post=210173"}],"curies":[{"name":"wp","href":"https:\/\/api.w.org\/{rel}","templated":true}]}}