{"id":210154,"date":"2023-02-09T19:30:07","date_gmt":"2023-02-09T22:30:07","guid":{"rendered":"https:\/\/diarioregionaldigital.com.br\/?p=210154"},"modified":"2023-02-09T19:30:07","modified_gmt":"2023-02-09T22:30:07","slug":"setor-de-franquias-cresce-126-com-faturamento-de-r-2114-bi-em-2022","status":"publish","type":"post","link":"https:\/\/diarioregionaldigital.com.br\/?p=210154","title":{"rendered":"Setor de franquias cresce 12,6% com faturamento de R$ 211,4 bi em 2022"},"content":{"rendered":"<p>O Brasil fechou o \u00faltimo trimestre de 2022 com um total de 63.800 franquias. O n\u00famero \u00e9 12,6% superior ao registrado no mesmo per\u00edodo de 2021 (56.663), de acordo com dados divulgados\u00a0hoje\u00a0(9), pela Associa\u00e7\u00e3o Brasileira de Franchising (ABF).<img decoding=\"async\" src=\"https:\/\/agenciabrasil.ebc.com.br\/ebc.png?id=1509430&amp;o=node\" \/><img decoding=\"async\" src=\"https:\/\/agenciabrasil.ebc.com.br\/ebc.gif?id=1509430&amp;o=node\" \/><\/p>\n<p>A organiza\u00e7\u00e3o destacou, ainda, que o setor recuperou o n\u00edvel que mantinha antes da pandemia de Covid-19, em termos de faturamento. Em 2019, quando a crise sanit\u00e1ria ainda n\u00e3o havia eclodido, o segmento faturou R$ 186,7 bilh\u00f5es. No ano passado, a receita foi de R$ 211,4 bilh\u00f5es, 14,3% acima do valor atingido em 2021, de R$ 185 bilh\u00f5es.<\/p>\n<p>Pelos c\u00e1lculos da associa\u00e7\u00e3o, cada unidade de franquia gera, em m\u00e9dia, nove empregos diretos. O setor gerou 1.589.276 postos de trabalho em 2022, um aumento de 12,6%, na compara\u00e7\u00e3o com 2021 (1.411.319 vagas).<\/p>\n<p>Mesmo em rela\u00e7\u00e3o a 2019, houve um salto, de 17%. Naquele ano, as franquias responderam por 1.358.139 vagas de emprego formal.<\/p>\n<p>Para o professor de economia Mauro Sayar, a expans\u00e3o das franquias durante a pandemia tem liga\u00e7\u00e3o com a busca dos brasileiros por solu\u00e7\u00f5es, ao se deparar com a queda na renda e o desemprego.<\/p>\n<p>&#8220;Um tanto desse crescimento do\u00a0<em>franchising<\/em>\u00a0em unidades talvez esteja relacionado, primeiro, a essa perspectiva de tentar buscar alternativas em um contexto t\u00e3o adverso. E segundo, a\u00a0repensar a pr\u00f3pria carreira, a pr\u00f3pria din\u00e2mica&#8221;, afirmou o docente da Universidade Federal de Minas Gerais (UFMG).<\/p>\n<p>Para este ano, a expectativa \u00e9 de que o faturamento cres\u00e7a entre 9,5% e 12%. Quanto \u00e0 empregabilidade do setor, espera-se tamb\u00e9m um crescimento de 10%, mesmo patamar estimado para as opera\u00e7\u00f5es.<\/p>\n<p><span style=\"font-weight: 400;\">Fonte: Ag\u00eancia Brasil <\/span><\/p>\n","protected":false},"excerpt":{"rendered":"<p>O Brasil fechou o \u00faltimo trimestre de 2022 com um total de 63.800 franquias. O n\u00famero \u00e9 12,6% superior ao registrado no mesmo per\u00edodo de 2021 (56.663), de acordo com dados divulgados\u00a0hoje\u00a0(9), pela Associa\u00e7\u00e3o Brasileira de Franchising (ABF). A organiza\u00e7\u00e3o destacou, ainda, que o setor recuperou o n\u00edvel que mantinha antes da pandemia de Covid-19, [&hellip;]<\/p>\n","protected":false},"author":246,"featured_media":210155,"comment_status":"closed","ping_status":"closed","sticky":false,"template":"","format":"standard","meta":{"footnotes":""},"categories":[436,261,439],"tags":[],"class_list":["post-210154","post","type-post","status-publish","format-standard","has-post-thumbnail","hentry","category-destaque-da-semana","category-economia","category-ultima-hora"],"_links":{"self":[{"href":"https:\/\/diarioregionaldigital.com.br\/index.php?rest_route=\/wp\/v2\/posts\/210154","targetHints":{"allow":["GET"]}}],"collection":[{"href":"https:\/\/diarioregionaldigital.com.br\/index.php?rest_route=\/wp\/v2\/posts"}],"about":[{"href":"https:\/\/diarioregionaldigital.com.br\/index.php?rest_route=\/wp\/v2\/types\/post"}],"author":[{"embeddable":true,"href":"https:\/\/diarioregionaldigital.com.br\/index.php?rest_route=\/wp\/v2\/users\/246"}],"replies":[{"embeddable":true,"href":"https:\/\/diarioregionaldigital.com.br\/index.php?rest_route=%2Fwp%2Fv2%2Fcomments&post=210154"}],"version-history":[{"count":1,"href":"https:\/\/diarioregionaldigital.com.br\/index.php?rest_route=\/wp\/v2\/posts\/210154\/revisions"}],"predecessor-version":[{"id":210156,"href":"https:\/\/diarioregionaldigital.com.br\/index.php?rest_route=\/wp\/v2\/posts\/210154\/revisions\/210156"}],"wp:featuredmedia":[{"embeddable":true,"href":"https:\/\/diarioregionaldigital.com.br\/index.php?rest_route=\/wp\/v2\/media\/210155"}],"wp:attachment":[{"href":"https:\/\/diarioregionaldigital.com.br\/index.php?rest_route=%2Fwp%2Fv2%2Fmedia&parent=210154"}],"wp:term":[{"taxonomy":"category","embeddable":true,"href":"https:\/\/diarioregionaldigital.com.br\/index.php?rest_route=%2Fwp%2Fv2%2Fcategories&post=210154"},{"taxonomy":"post_tag","embeddable":true,"href":"https:\/\/diarioregionaldigital.com.br\/index.php?rest_route=%2Fwp%2Fv2%2Ftags&post=210154"}],"curies":[{"name":"wp","href":"https:\/\/api.w.org\/{rel}","templated":true}]}}