{"id":210151,"date":"2023-02-09T19:28:36","date_gmt":"2023-02-09T22:28:36","guid":{"rendered":"https:\/\/diarioregionaldigital.com.br\/?p=210151"},"modified":"2023-02-09T19:28:36","modified_gmt":"2023-02-09T22:28:36","slug":"anatel-ordena-bloqueio-de-5-milhoes-de-aparelhos-piratas-de-tv-a-cabo","status":"publish","type":"post","link":"https:\/\/diarioregionaldigital.com.br\/?p=210151","title":{"rendered":"Anatel ordena bloqueio de 5 milh\u00f5es de aparelhos piratas de TV a cabo"},"content":{"rendered":"<p>Numa ofensiva contra a pirataria da televis\u00e3o por assinatura, a Ag\u00eancia Nacional de Telecomunica\u00e7\u00f5es (Anatel) determinou o bloqueio de cerca de 5 milh\u00f5es de decodificadores clandestinos em uso no pa\u00eds. O desligamento ser\u00e1 feito de forma remota, sem que as prestadoras de servi\u00e7os tenham de entrar na casa do usu\u00e1rio.<img decoding=\"async\" src=\"https:\/\/agenciabrasil.ebc.com.br\/ebc.png?id=1509454&amp;o=node\" \/><img decoding=\"async\" src=\"https:\/\/agenciabrasil.ebc.com.br\/ebc.gif?id=1509454&amp;o=node\" \/><\/p>\n<p>A determina\u00e7\u00e3o tem in\u00edcio imediato e ocorre ap\u00f3s a Anatel receber um grande volume de den\u00fancias de pirataria generalizada de televis\u00e3o a cabo, conhecida popularmente como \u201cgatonet\u201d.<\/p>\n<p>Com base nas den\u00fancias, a ag\u00eancia reguladora montou um grupo t\u00e9cnico, que avaliou os dados recebidos e elaborou uma lista de modelos de equipamentos a serem bloqueados. Atualmente, diversos aparelhos clandestinos s\u00e3o oferecidos em\u00a0<em>sites\u00a0<\/em>de com\u00e9rcio eletr\u00f4nico, geralmente sob o nome de TV Box, com pre\u00e7os de R$ 150 a R$ 450. Segundo a Anatel, as p\u00e1ginas que oferecem os dispositivos tamb\u00e9m incorrem em crime e podem ser punidas.<\/p>\n<p>Originalmente, as TV Boxes fornecem conex\u00e3o \u00e0 internet a televisores comuns, transformando o aparelho numa Smart TV. No entanto, diversos aparelhos n\u00e3o homologados pela ag\u00eancia extrapolam a fun\u00e7\u00e3o e conseguem decodificar sinais fechados de TV por assinatura e exibir aos usu\u00e1rios.<\/p>\n<p>Segundo a Anatel, quem produz e comercializa os aparelhos clandestinos comete cinco infra\u00e7\u00f5es: uso de equipamento n\u00e3o homologado, transmiss\u00e3o clandestina de telecomunica\u00e7\u00f5es, uso indevido do servi\u00e7o de TV por assinatura, preju\u00edzo \u00e0 ordem econ\u00f4mica e \u00e0 concorr\u00eancia e risco \u00e0 seguran\u00e7a cibern\u00e9tica.<\/p>\n<p><span style=\"font-weight: 400;\">Fonte: Ag\u00eancia Brasil <\/span><\/p>\n","protected":false},"excerpt":{"rendered":"<p>Numa ofensiva contra a pirataria da televis\u00e3o por assinatura, a Ag\u00eancia Nacional de Telecomunica\u00e7\u00f5es (Anatel) determinou o bloqueio de cerca de 5 milh\u00f5es de decodificadores clandestinos em uso no pa\u00eds. O desligamento ser\u00e1 feito de forma remota, sem que as prestadoras de servi\u00e7os tenham de entrar na casa do usu\u00e1rio. A determina\u00e7\u00e3o tem in\u00edcio imediato [&hellip;]<\/p>\n","protected":false},"author":246,"featured_media":210152,"comment_status":"closed","ping_status":"closed","sticky":false,"template":"","format":"standard","meta":{"footnotes":""},"categories":[436,261,439],"tags":[],"class_list":["post-210151","post","type-post","status-publish","format-standard","has-post-thumbnail","hentry","category-destaque-da-semana","category-economia","category-ultima-hora"],"_links":{"self":[{"href":"https:\/\/diarioregionaldigital.com.br\/index.php?rest_route=\/wp\/v2\/posts\/210151","targetHints":{"allow":["GET"]}}],"collection":[{"href":"https:\/\/diarioregionaldigital.com.br\/index.php?rest_route=\/wp\/v2\/posts"}],"about":[{"href":"https:\/\/diarioregionaldigital.com.br\/index.php?rest_route=\/wp\/v2\/types\/post"}],"author":[{"embeddable":true,"href":"https:\/\/diarioregionaldigital.com.br\/index.php?rest_route=\/wp\/v2\/users\/246"}],"replies":[{"embeddable":true,"href":"https:\/\/diarioregionaldigital.com.br\/index.php?rest_route=%2Fwp%2Fv2%2Fcomments&post=210151"}],"version-history":[{"count":1,"href":"https:\/\/diarioregionaldigital.com.br\/index.php?rest_route=\/wp\/v2\/posts\/210151\/revisions"}],"predecessor-version":[{"id":210153,"href":"https:\/\/diarioregionaldigital.com.br\/index.php?rest_route=\/wp\/v2\/posts\/210151\/revisions\/210153"}],"wp:featuredmedia":[{"embeddable":true,"href":"https:\/\/diarioregionaldigital.com.br\/index.php?rest_route=\/wp\/v2\/media\/210152"}],"wp:attachment":[{"href":"https:\/\/diarioregionaldigital.com.br\/index.php?rest_route=%2Fwp%2Fv2%2Fmedia&parent=210151"}],"wp:term":[{"taxonomy":"category","embeddable":true,"href":"https:\/\/diarioregionaldigital.com.br\/index.php?rest_route=%2Fwp%2Fv2%2Fcategories&post=210151"},{"taxonomy":"post_tag","embeddable":true,"href":"https:\/\/diarioregionaldigital.com.br\/index.php?rest_route=%2Fwp%2Fv2%2Ftags&post=210151"}],"curies":[{"name":"wp","href":"https:\/\/api.w.org\/{rel}","templated":true}]}}