{"id":210148,"date":"2023-02-09T19:27:17","date_gmt":"2023-02-09T22:27:17","guid":{"rendered":"https:\/\/diarioregionaldigital.com.br\/?p=210148"},"modified":"2023-02-09T19:27:17","modified_gmt":"2023-02-09T22:27:17","slug":"comercio-varejista-fecha-2022-com-crescimento-de-1","status":"publish","type":"post","link":"https:\/\/diarioregionaldigital.com.br\/?p=210148","title":{"rendered":"Com\u00e9rcio varejista fecha 2022 com crescimento de 1%"},"content":{"rendered":"<p align=\"left\">O volume de vendas do com\u00e9rcio varejista fechou 2022 com crescimento de 1%, segundo dados da Pesquisa Mensal do Com\u00e9rcio (PMC)\u00a0divulgada\u00a0<span id=\"OBJ_PREFIX_DWT763_com_zimbra_date\" role=\"link\">hoje<\/span>\u00a0(9) pelo Instituto Brasileiro de Geografia e Estat\u00edstica (IBGE). Esse foi o pior resultado do setor desde 2016, quando havia apresentado queda de 6,2%.<img decoding=\"async\" src=\"https:\/\/agenciabrasil.ebc.com.br\/ebc.png?id=1509344&amp;o=node\" \/><img decoding=\"async\" src=\"https:\/\/agenciabrasil.ebc.com.br\/ebc.gif?id=1509344&amp;o=node\" \/><\/p>\n<p align=\"left\">Entre os segmentos do varejo, a atividade de combust\u00edveis e lubrificantes, com alta de 16,6%, foi a\u00a0que apresentou melhor resultado. Mais\u00a0quatro atividades fecharam o ano com crescimento: livros, jornais, revista e papelaria (14,8%), artigos farmac\u00eauticos, m\u00e9dicos, ortop\u00e9dicos e de perfumaria (6,3%), equipamentos e materiais para escrit\u00f3rio, inform\u00e1tica e comunica\u00e7\u00e3o (1,7%) e supermercados, alimentos, bebidas e fumo (1,4%).<\/p>\n<p align=\"left\">Tr\u00eas atividades tiveram queda: outros artigos de uso pessoal e\u00a0<span id=\"OBJ_PREFIX_DWT764_com_zimbra_date\" role=\"link\">dom<\/span>\u00e9stico (-8,4%), m\u00f3veis e eletrodom\u00e9sticos (-6,7%) e tecidos, vestu\u00e1rio e cal\u00e7ados (-0,5%).<\/p>\n<p align=\"left\">Em dezembro, o com\u00e9rcio varejista teve queda de 2,6% em rela\u00e7\u00e3o ao m\u00eas anterior e alta de 0,4% na compara\u00e7\u00e3o com dezembro de 2021. A receita nominal do setor avan\u00e7ou 14,1% no acumulado do ano e 10,2% na compara\u00e7\u00e3o com dezembro de 2021, mas recuou 0,3% na passagem<span id=\"OBJ_PREFIX_DWT765_com_zimbra_date\" role=\"link\">\u00a0de novembro<\/span>\u00a0para dezembro.<\/p>\n<h2 align=\"left\">Varejo ampliado<\/h2>\n<p align=\"left\">O varejo ampliado, que tamb\u00e9m analisa os setores de materiais de constru\u00e7\u00e3o e venda de ve\u00edculos e pe\u00e7as al\u00e9m das oito atividades do varejo, fechou o ano com queda de 0,6% no volume de vendas, devido a perdas de 8,7% no setor de constru\u00e7\u00e3o e de 1,7% nos ve\u00edculos.<\/p>\n<p align=\"left\">O setor teve perda de 0,6% na compara\u00e7\u00e3o com dezembro de 2021, mas apresentou alta de 0,4% na passagem<span id=\"OBJ_PREFIX_DWT766_com_zimbra_date\" role=\"link\">\u00a0de novembro<\/span>\u00a0para dezembro.<\/p>\n<p align=\"left\">A receita do varejo ampliado cresceu 12,6% no acumulado de 12 meses, 8,7% na compara\u00e7\u00e3o com dezembro de 2021 e 0,4% na passagem<span id=\"OBJ_PREFIX_DWT767_com_zimbra_date\" role=\"link\">\u00a0de novembro<\/span>\u00a0para dezembro.<\/p>\n<p><span style=\"font-weight: 400;\">Fonte: Ag\u00eancia Brasil <\/span><\/p>\n","protected":false},"excerpt":{"rendered":"<p>O volume de vendas do com\u00e9rcio varejista fechou 2022 com crescimento de 1%, segundo dados da Pesquisa Mensal do Com\u00e9rcio (PMC)\u00a0divulgada\u00a0hoje\u00a0(9) pelo Instituto Brasileiro de Geografia e Estat\u00edstica (IBGE). Esse foi o pior resultado do setor desde 2016, quando havia apresentado queda de 6,2%. Entre os segmentos do varejo, a atividade de combust\u00edveis e lubrificantes, [&hellip;]<\/p>\n","protected":false},"author":246,"featured_media":210149,"comment_status":"closed","ping_status":"closed","sticky":false,"template":"","format":"standard","meta":{"footnotes":""},"categories":[436,261,439],"tags":[],"class_list":["post-210148","post","type-post","status-publish","format-standard","has-post-thumbnail","hentry","category-destaque-da-semana","category-economia","category-ultima-hora"],"_links":{"self":[{"href":"https:\/\/diarioregionaldigital.com.br\/index.php?rest_route=\/wp\/v2\/posts\/210148","targetHints":{"allow":["GET"]}}],"collection":[{"href":"https:\/\/diarioregionaldigital.com.br\/index.php?rest_route=\/wp\/v2\/posts"}],"about":[{"href":"https:\/\/diarioregionaldigital.com.br\/index.php?rest_route=\/wp\/v2\/types\/post"}],"author":[{"embeddable":true,"href":"https:\/\/diarioregionaldigital.com.br\/index.php?rest_route=\/wp\/v2\/users\/246"}],"replies":[{"embeddable":true,"href":"https:\/\/diarioregionaldigital.com.br\/index.php?rest_route=%2Fwp%2Fv2%2Fcomments&post=210148"}],"version-history":[{"count":1,"href":"https:\/\/diarioregionaldigital.com.br\/index.php?rest_route=\/wp\/v2\/posts\/210148\/revisions"}],"predecessor-version":[{"id":210150,"href":"https:\/\/diarioregionaldigital.com.br\/index.php?rest_route=\/wp\/v2\/posts\/210148\/revisions\/210150"}],"wp:featuredmedia":[{"embeddable":true,"href":"https:\/\/diarioregionaldigital.com.br\/index.php?rest_route=\/wp\/v2\/media\/210149"}],"wp:attachment":[{"href":"https:\/\/diarioregionaldigital.com.br\/index.php?rest_route=%2Fwp%2Fv2%2Fmedia&parent=210148"}],"wp:term":[{"taxonomy":"category","embeddable":true,"href":"https:\/\/diarioregionaldigital.com.br\/index.php?rest_route=%2Fwp%2Fv2%2Fcategories&post=210148"},{"taxonomy":"post_tag","embeddable":true,"href":"https:\/\/diarioregionaldigital.com.br\/index.php?rest_route=%2Fwp%2Fv2%2Ftags&post=210148"}],"curies":[{"name":"wp","href":"https:\/\/api.w.org\/{rel}","templated":true}]}}