{"id":210145,"date":"2023-02-09T19:25:37","date_gmt":"2023-02-09T22:25:37","guid":{"rendered":"https:\/\/diarioregionaldigital.com.br\/?p=210145"},"modified":"2023-02-09T19:25:37","modified_gmt":"2023-02-09T22:25:37","slug":"inflacao-para-familias-com-renda-mais-baixa-fica-em-046-em-janeiro","status":"publish","type":"post","link":"https:\/\/diarioregionaldigital.com.br\/?p=210145","title":{"rendered":"Infla\u00e7\u00e3o para fam\u00edlias com renda mais baixa fica em 0,46% em janeiro"},"content":{"rendered":"<p>O \u00cdndice Nacional de Pre\u00e7os ao Consumidor (INPC), que apura a varia\u00e7\u00e3o da cesta de compras para fam\u00edlias com renda at\u00e9 cinco sal\u00e1rios m\u00ednimos, registrou infla\u00e7\u00e3o de 0,46% em janeiro deste ano. A taxa ficou abaixo da observada em dezembro (0,69%).<img decoding=\"async\" src=\"https:\/\/agenciabrasil.ebc.com.br\/ebc.png?id=1509352&amp;o=node\" \/><img decoding=\"async\" src=\"https:\/\/agenciabrasil.ebc.com.br\/ebc.gif?id=1509352&amp;o=node\" \/><\/p>\n<p>O INPC acumulado em 12 meses \u00e9 de 5,71%. O indicador apresentou taxas mais baixas do que as observadas pelo \u00cdndice Nacional de Pre\u00e7os ao Consumidor Amplo (IPCA), que mede a infla\u00e7\u00e3o oficial e que registrou taxas\u00a0de 0,53% em janeiro e de 5,77% em 12 meses.<\/p>\n<p>Em janeiro, os produtos aliment\u00edcios pesquisados pelo INPC tiveram infla\u00e7\u00e3o de 0,52%, varia\u00e7\u00e3o menos intensa do que em dezembro (0,74%). O mesmo aconteceu com os produtos n\u00e3o aliment\u00edcios, cuja infla\u00e7\u00e3o passou de 0,67% em dezembro para 0,44% em janeiro.<\/p>\n<p><span style=\"font-weight: 400;\">Fonte: Ag\u00eancia Brasil <\/span><\/p>\n","protected":false},"excerpt":{"rendered":"<p>O \u00cdndice Nacional de Pre\u00e7os ao Consumidor (INPC), que apura a varia\u00e7\u00e3o da cesta de compras para fam\u00edlias com renda at\u00e9 cinco sal\u00e1rios m\u00ednimos, registrou infla\u00e7\u00e3o de 0,46% em janeiro deste ano. A taxa ficou abaixo da observada em dezembro (0,69%). O INPC acumulado em 12 meses \u00e9 de 5,71%. O indicador apresentou taxas mais [&hellip;]<\/p>\n","protected":false},"author":246,"featured_media":210146,"comment_status":"closed","ping_status":"closed","sticky":false,"template":"","format":"standard","meta":{"footnotes":""},"categories":[436,440,261,439],"tags":[],"class_list":["post-210145","post","type-post","status-publish","format-standard","has-post-thumbnail","hentry","category-destaque-da-semana","category-destaques-do-dia","category-economia","category-ultima-hora"],"_links":{"self":[{"href":"https:\/\/diarioregionaldigital.com.br\/index.php?rest_route=\/wp\/v2\/posts\/210145","targetHints":{"allow":["GET"]}}],"collection":[{"href":"https:\/\/diarioregionaldigital.com.br\/index.php?rest_route=\/wp\/v2\/posts"}],"about":[{"href":"https:\/\/diarioregionaldigital.com.br\/index.php?rest_route=\/wp\/v2\/types\/post"}],"author":[{"embeddable":true,"href":"https:\/\/diarioregionaldigital.com.br\/index.php?rest_route=\/wp\/v2\/users\/246"}],"replies":[{"embeddable":true,"href":"https:\/\/diarioregionaldigital.com.br\/index.php?rest_route=%2Fwp%2Fv2%2Fcomments&post=210145"}],"version-history":[{"count":1,"href":"https:\/\/diarioregionaldigital.com.br\/index.php?rest_route=\/wp\/v2\/posts\/210145\/revisions"}],"predecessor-version":[{"id":210147,"href":"https:\/\/diarioregionaldigital.com.br\/index.php?rest_route=\/wp\/v2\/posts\/210145\/revisions\/210147"}],"wp:featuredmedia":[{"embeddable":true,"href":"https:\/\/diarioregionaldigital.com.br\/index.php?rest_route=\/wp\/v2\/media\/210146"}],"wp:attachment":[{"href":"https:\/\/diarioregionaldigital.com.br\/index.php?rest_route=%2Fwp%2Fv2%2Fmedia&parent=210145"}],"wp:term":[{"taxonomy":"category","embeddable":true,"href":"https:\/\/diarioregionaldigital.com.br\/index.php?rest_route=%2Fwp%2Fv2%2Fcategories&post=210145"},{"taxonomy":"post_tag","embeddable":true,"href":"https:\/\/diarioregionaldigital.com.br\/index.php?rest_route=%2Fwp%2Fv2%2Ftags&post=210145"}],"curies":[{"name":"wp","href":"https:\/\/api.w.org\/{rel}","templated":true}]}}