{"id":210142,"date":"2023-02-09T06:00:01","date_gmt":"2023-02-09T09:00:01","guid":{"rendered":"https:\/\/diarioregionaldigital.com.br\/?p=210142"},"modified":"2023-02-08T23:41:44","modified_gmt":"2023-02-09T02:41:44","slug":"palavras-comovem-testemunhos-arrastam-09-02-2023","status":"publish","type":"post","link":"https:\/\/diarioregionaldigital.com.br\/?p=210142","title":{"rendered":"Palavras Comovem Testemunhos Arrastam &#8211; 09\/02\/2023"},"content":{"rendered":"<p>Meu caro leitor \u00e9 com alegria que novamente estamos chegando at\u00e9 voc\u00ea para mais uma edi\u00e7\u00e3o de palavras comovem mas testemunhos arrastam. Bem sei de sua expectativa para ler os testemunhos aqui apresentados. Hoje teremos dois belos testemunhos vamos ao primeiro<\/p>\n<p>Testemunho para quarta feira dia 08 de fevereiro: Boa tarde Padre Eirelis<\/p>\n<p>Venho pedir ora\u00e7\u00f5es pelo Gabriel\u00a0 crian\u00e7a de apenas 2 anos que se afogou na piscina e teve parada card\u00edaca, agora est\u00e1\u00a0 internado na UTI. Em Marip\u00e1 no Paran\u00e1 essa crian\u00e7a recebeu os cuidados da minha filha durante o plant\u00e3o dele a ela e enfermeira.<\/p>\n<p>Padre Erelis: Vou rezar por ele e amanh\u00e3 colocarei o nome dele na missa de S\u00e3o Judas Tadeu das causas imposs\u00edveis clamando a miseric\u00f3rdia de Jesus por sa\u00fade e liberta\u00e7\u00e3o as 19e 30 na rodovi\u00e1ria<\/p>\n<p>Testemunho para quarta feira dia 8 de fevereiro: Padre, vou compartilhar com o senhor o relato atrav\u00e9s das\u00a0 mensagens que recebi da minha filha sobre esse caso, fiquei emocionada pois desde sempre eduquei meus filhos na f\u00e9 e na nossa igreja cat\u00f3lica.<\/p>\n<p>Testemunho para quarta feira dia 8 de fevereiro:<\/p>\n<p>Ontem mais uma vez Deus estava passando pelo meu plant\u00e3o.<\/p>\n<p>Uma M\u00e3e chegou com o filho de 2 anos afogado em parada card\u00edaca.<\/p>\n<p>Consegui reverter fazendo massagem.<\/p>\n<p>Descuidaram dele quando viram estava afogado na piscina<\/p>\n<p>Testemunho para quarta feira dia 8 de fevereiro: Fiquei com o cora\u00e7\u00e3o apertado demais.<\/p>\n<p>Foram 10 minutos de massagem eterna.<\/p>\n<p>Testemunho para quarta feira dia 8 de fevereiro: Vai ficar na uti um bom tempo agora<\/p>\n<p>Mais gra\u00e7as a Deus fizemos nossa parte aqui. Agora \u00e9 esperar dias melhores pra eles.<\/p>\n<p>Testemunho\u00a0 para quarta feira dia 8 de fevereiro : Falei pra m\u00e3e que ia rezar por eles.<\/p>\n<p>Testemunho para quarta feira dia 8 de fevereiro: Em todos os plant\u00f5es e no dia a dia ela usa a Medalha de S\u00e3o Bento e de Nossa Senhora das Gra\u00e7as que dei a ela.<\/p>\n<p>Testemunho para quarta feira dia 8 de fevereiro: Muito obrigada pela ora\u00e7\u00e3o Padre Erelis.<\/p>\n<p>Vamos ao segundo.<\/p>\n<p>Testemunho para quarta feira dia 8 de fevereiro: Bom dia Padre Eirelis! Lindo e aben\u00e7oado domingo para o Senhor e os fi\u00e9s que hoje estar\u00e3o nas missas celebradas pelo Senhor.<\/p>\n<p>Cada vez mais sinto que o Senhor \u00e9 o enviado por Deus para ser o anjo de luz para os que precisam de ora\u00e7\u00f5es.<\/p>\n<p>Testemunho para quarta feira dia 8 de fevereiro: Minha filha est\u00e1\u00a0 de plant\u00e3o hoje entrou ontem as 19:00 horas sai hoje\u00a0 domingo \u00e0s 19:00.<\/p>\n<p>Padre veja o que Deus est\u00e1\u00a0 fazendo, o agir Dele.<\/p>\n<p>Testemunho para quarta feira dia 8 de fevereiro: Ontem o pequeno Gabriel recebeu alta hospitalar e os m\u00e9dicos\u00a0 que\u00a0 o atenderam\u00a0 disseram que ele \u00e9 um milagre saiu sem sequelas , haja visto que ele ficou alguns minutos sem oxigena\u00e7\u00e3o no c\u00e9rebro.<\/p>\n<p>Testemunho para quarta feira dia 8 de fevereiro: Os pais vieram aqui agorinha.<\/p>\n<p>Agradeceram muito a gente.<\/p>\n<p>Testemunho par quarta feira dia 8 de fevereiro: Falei que ele \u00e9 um milagre.<\/p>\n<p>Vejam como Deus age na\u00a0 vida das pessoas.<\/p>\n<p>Convido voc\u00ea para participar da missa\u00a0 de S\u00e3o Judas Tadeu das causas imposs\u00edveis clamando a miseric\u00f3rdia de Jesus por sa\u00fade e liberta\u00e7\u00e3o todas quartas\u00a0 \u00e0s 19 e 30 na Rodovi\u00e1ria ao lado da imagem de Nossa Senhora\u00a0 Rosa M\u00edstica e do ter\u00e7o todos os dias\u00a0 \u00e0s 12; 15h; \u00e0s\u00a0 20e30h; \u00e0s 22h pelo Youtube e Facebook do santu\u00e1rio virtual S\u00e3o Judas Tadeu. svsaojudastadeu.com; \u00e0s 06h ; \u00e0s 10 e 23h pelo Whatzaap; Deixo o n\u00famero do meu celular para me ligarem quando precisar de uma ora\u00e7\u00e3o 988652609 se eu n\u00e3o atender na hora retornarei assim que eu ver a liga\u00e7\u00e3o.<\/p>\n","protected":false},"excerpt":{"rendered":"<p>Meu caro leitor \u00e9 com alegria que novamente estamos chegando at\u00e9 voc\u00ea para mais uma edi\u00e7\u00e3o de palavras comovem mas testemunhos arrastam. Bem sei de sua expectativa para ler os testemunhos aqui apresentados. Hoje teremos dois belos testemunhos vamos ao primeiro Testemunho para quarta feira dia 08 de fevereiro: Boa tarde Padre Eirelis Venho pedir [&hellip;]<\/p>\n","protected":false},"author":96,"featured_media":0,"comment_status":"closed","ping_status":"closed","sticky":false,"template":"","format":"standard","meta":{"footnotes":""},"categories":[1245],"tags":[],"class_list":["post-210142","post","type-post","status-publish","format-standard","hentry","category-padre-erelis"],"_links":{"self":[{"href":"https:\/\/diarioregionaldigital.com.br\/index.php?rest_route=\/wp\/v2\/posts\/210142","targetHints":{"allow":["GET"]}}],"collection":[{"href":"https:\/\/diarioregionaldigital.com.br\/index.php?rest_route=\/wp\/v2\/posts"}],"about":[{"href":"https:\/\/diarioregionaldigital.com.br\/index.php?rest_route=\/wp\/v2\/types\/post"}],"author":[{"embeddable":true,"href":"https:\/\/diarioregionaldigital.com.br\/index.php?rest_route=\/wp\/v2\/users\/96"}],"replies":[{"embeddable":true,"href":"https:\/\/diarioregionaldigital.com.br\/index.php?rest_route=%2Fwp%2Fv2%2Fcomments&post=210142"}],"version-history":[{"count":1,"href":"https:\/\/diarioregionaldigital.com.br\/index.php?rest_route=\/wp\/v2\/posts\/210142\/revisions"}],"predecessor-version":[{"id":210143,"href":"https:\/\/diarioregionaldigital.com.br\/index.php?rest_route=\/wp\/v2\/posts\/210142\/revisions\/210143"}],"wp:attachment":[{"href":"https:\/\/diarioregionaldigital.com.br\/index.php?rest_route=%2Fwp%2Fv2%2Fmedia&parent=210142"}],"wp:term":[{"taxonomy":"category","embeddable":true,"href":"https:\/\/diarioregionaldigital.com.br\/index.php?rest_route=%2Fwp%2Fv2%2Fcategories&post=210142"},{"taxonomy":"post_tag","embeddable":true,"href":"https:\/\/diarioregionaldigital.com.br\/index.php?rest_route=%2Fwp%2Fv2%2Ftags&post=210142"}],"curies":[{"name":"wp","href":"https:\/\/api.w.org\/{rel}","templated":true}]}}