{"id":210140,"date":"2023-02-09T06:00:56","date_gmt":"2023-02-09T09:00:56","guid":{"rendered":"https:\/\/diarioregionaldigital.com.br\/?p=210140"},"modified":"2023-02-08T23:38:47","modified_gmt":"2023-02-09T02:38:47","slug":"prefeitura-municipal-de-descoberto-extrato-de-contrato-09-02-2023","status":"publish","type":"post","link":"https:\/\/diarioregionaldigital.com.br\/?p=210140","title":{"rendered":"Prefeitura Municipal de Descoberto &#8211; Extrato de Contrato &#8211; 09\/02\/2023"},"content":{"rendered":"<p style=\"text-align: center;\"><strong>EXTRATO DE CONTRATO<\/strong><\/p>\n<p style=\"text-align: center;\">Pref. Municipal de Descoberto x ABCJ Eventos e Loca\u00e7\u00f5es Ltda \u00a0&#8211; \u00a0Fundamento: Contrata\u00e7\u00e3o de empresa para fornecimento de estrutura para realiza\u00e7\u00e3o de eventos no munic\u00edpio de Descoberto por um per\u00edodo de 1 ano &#8211; Preg\u00e3o \u00a0n\u00ba 003\/2023 \u2013 Valor Global: 241.585,00 \u2013 Vig\u00eancia: 12 meses \u2013 Dot or\u00e7: 02.02016.13.392.0015.278-339039\/150 &#8211; Ass: 08\/02\/2023- Foro: S\u00e3o Jo\u00e3o Nepomuceno\/MG.<\/p>\n<p style=\"text-align: center;\"><strong>Marcos de Ara\u00fajo Lima<\/strong><\/p>\n<p style=\"text-align: center;\"><strong>Prefeito Municipal<\/strong><\/p>\n","protected":false},"excerpt":{"rendered":"<p>EXTRATO DE CONTRATO Pref. Municipal de Descoberto x ABCJ Eventos e Loca\u00e7\u00f5es Ltda \u00a0&#8211; \u00a0Fundamento: Contrata\u00e7\u00e3o de empresa para fornecimento de estrutura para realiza\u00e7\u00e3o de eventos no munic\u00edpio de Descoberto por um per\u00edodo de 1 ano &#8211; Preg\u00e3o \u00a0n\u00ba 003\/2023 \u2013 Valor Global: 241.585,00 \u2013 Vig\u00eancia: 12 meses \u2013 Dot or\u00e7: 02.02016.13.392.0015.278-339039\/150 &#8211; Ass: 08\/02\/2023- [&hellip;]<\/p>\n","protected":false},"author":96,"featured_media":0,"comment_status":"closed","ping_status":"closed","sticky":false,"template":"","format":"standard","meta":{"footnotes":""},"categories":[307],"tags":[],"class_list":["post-210140","post","type-post","status-publish","format-standard","hentry","category-editais"],"_links":{"self":[{"href":"https:\/\/diarioregionaldigital.com.br\/index.php?rest_route=\/wp\/v2\/posts\/210140","targetHints":{"allow":["GET"]}}],"collection":[{"href":"https:\/\/diarioregionaldigital.com.br\/index.php?rest_route=\/wp\/v2\/posts"}],"about":[{"href":"https:\/\/diarioregionaldigital.com.br\/index.php?rest_route=\/wp\/v2\/types\/post"}],"author":[{"embeddable":true,"href":"https:\/\/diarioregionaldigital.com.br\/index.php?rest_route=\/wp\/v2\/users\/96"}],"replies":[{"embeddable":true,"href":"https:\/\/diarioregionaldigital.com.br\/index.php?rest_route=%2Fwp%2Fv2%2Fcomments&post=210140"}],"version-history":[{"count":1,"href":"https:\/\/diarioregionaldigital.com.br\/index.php?rest_route=\/wp\/v2\/posts\/210140\/revisions"}],"predecessor-version":[{"id":210141,"href":"https:\/\/diarioregionaldigital.com.br\/index.php?rest_route=\/wp\/v2\/posts\/210140\/revisions\/210141"}],"wp:attachment":[{"href":"https:\/\/diarioregionaldigital.com.br\/index.php?rest_route=%2Fwp%2Fv2%2Fmedia&parent=210140"}],"wp:term":[{"taxonomy":"category","embeddable":true,"href":"https:\/\/diarioregionaldigital.com.br\/index.php?rest_route=%2Fwp%2Fv2%2Fcategories&post=210140"},{"taxonomy":"post_tag","embeddable":true,"href":"https:\/\/diarioregionaldigital.com.br\/index.php?rest_route=%2Fwp%2Fv2%2Ftags&post=210140"}],"curies":[{"name":"wp","href":"https:\/\/api.w.org\/{rel}","templated":true}]}}