{"id":210134,"date":"2023-02-08T18:32:45","date_gmt":"2023-02-08T21:32:45","guid":{"rendered":"https:\/\/diarioregionaldigital.com.br\/?p=210134"},"modified":"2023-02-08T18:32:45","modified_gmt":"2023-02-08T21:32:45","slug":"pjf-atende-17-bairros-com-a-operacao-tapa-buracos-nesta-quarta-feira-8","status":"publish","type":"post","link":"https:\/\/diarioregionaldigital.com.br\/?p=210134","title":{"rendered":"PJF atende 17 bairros com a opera\u00e7\u00e3o tapa-buracos nesta quarta-feira, 8"},"content":{"rendered":"<p>Segundo informa\u00e7\u00f5es do site da Prefeitura de Juiz de Fora (PJF), a Prefeitura de Juiz de Fora (PJF) intensificou os trabalhos da opera\u00e7\u00e3o tapa-buracos em diversos pontos da cidade nesta quarta-feira, 8. Ao todo, foram 28 vias atendidas, em 17 bairros diferentes.<\/p>\n<p>Dentre os locais atendidos, destaque para a Rua Nossa Senhora do L\u00edbano, no bairro Graja\u00fa, onde equipes da Empresa Municipal de Pavimenta\u00e7\u00e3o e Urbanidades (Empav) atuaram realizando reparos no pavimento. Agora quem passa pela via j\u00e1 pode perceber a diferen\u00e7a, com os buracos recompostos, o tr\u00e2nsito est\u00e1 mais fluido e mais confort\u00e1vel para pedestres e motoristas que passam pelo local.<\/p>\n<p>Outra importante via que tamb\u00e9m recebeu manuten\u00e7\u00e3o \u00e9 a Rua Professora Am\u00e9lia Glanzmann, no bairro Vitorino Braga. As \u00faltimas chuvas causaram danos a rede de drenagem na via e a Secretaria de Obras (SO) j\u00e1 realizou o reparo da mesma. Al\u00e9m disso, a Empav tamb\u00e9m j\u00e1 finalizou a recomposi\u00e7\u00e3o asf\u00e1ltica da rua. Agora os moradores da regi\u00e3o podem circular pela via com maior seguran\u00e7a.<\/p>\n<p><strong>Confira os bairros atendidos:\u00a0<\/strong><br \/>\nBandeirantes<\/p>\n<p>Barbosa Lage<\/p>\n<p>Centro<\/p>\n<p>Filgueiras<\/p>\n<p>Graja\u00fa<\/p>\n<p>Graminha<\/p>\n<p>Jardim Laranjeiras<\/p>\n<p>Jardim Natal<\/p>\n<p>Marumbi<\/p>\n<p>Monte Castelo<\/p>\n<p>Novo Horizonte<\/p>\n<p>Po\u00e7o Rico<\/p>\n<p>Progresso<\/p>\n<p>Quintas da Avenida<\/p>\n<p>Santa Luzia<\/p>\n<p>Santos Anjos<\/p>\n<p>S\u00e3o Dami\u00e3o<\/p>\n<p>As a\u00e7\u00f5es seguem em andamento na cidade e a programa\u00e7\u00e3o di\u00e1ria completa pode ser conferida na p\u00e1gina do Gabinete de A\u00e7\u00e3o e Di\u00e1logo Comunit\u00e1rio atrav\u00e9s do<a href=\"https:\/\/www.pjf.mg.gov.br\/gabinetecomunitario\/#onde\">\u00a0link<\/a>. Para solicitar servi\u00e7os de zeladoria em vias p\u00fablicas, como tapa-buracos, poda e corte de \u00e1rvores, limpeza de pra\u00e7as e outros, entre em contato com o Gabinete de A\u00e7\u00e3o e Di\u00e1logo Comunit\u00e1rio, atrav\u00e9s do telefone (32) 3690-7241 (liga\u00e7\u00e3o ou WhatsApp).<\/p>\n","protected":false},"excerpt":{"rendered":"<p>Segundo informa\u00e7\u00f5es do site da Prefeitura de Juiz de Fora (PJF), a Prefeitura de Juiz de Fora (PJF) intensificou os trabalhos da opera\u00e7\u00e3o tapa-buracos em diversos pontos da cidade nesta quarta-feira, 8. Ao todo, foram 28 vias atendidas, em 17 bairros diferentes. Dentre os locais atendidos, destaque para a Rua Nossa Senhora do L\u00edbano, no [&hellip;]<\/p>\n","protected":false},"author":246,"featured_media":210135,"comment_status":"closed","ping_status":"closed","sticky":false,"template":"","format":"standard","meta":{"footnotes":""},"categories":[253,436,439],"tags":[],"class_list":["post-210134","post","type-post","status-publish","format-standard","has-post-thumbnail","hentry","category-cidade","category-destaque-da-semana","category-ultima-hora"],"_links":{"self":[{"href":"https:\/\/diarioregionaldigital.com.br\/index.php?rest_route=\/wp\/v2\/posts\/210134","targetHints":{"allow":["GET"]}}],"collection":[{"href":"https:\/\/diarioregionaldigital.com.br\/index.php?rest_route=\/wp\/v2\/posts"}],"about":[{"href":"https:\/\/diarioregionaldigital.com.br\/index.php?rest_route=\/wp\/v2\/types\/post"}],"author":[{"embeddable":true,"href":"https:\/\/diarioregionaldigital.com.br\/index.php?rest_route=\/wp\/v2\/users\/246"}],"replies":[{"embeddable":true,"href":"https:\/\/diarioregionaldigital.com.br\/index.php?rest_route=%2Fwp%2Fv2%2Fcomments&post=210134"}],"version-history":[{"count":1,"href":"https:\/\/diarioregionaldigital.com.br\/index.php?rest_route=\/wp\/v2\/posts\/210134\/revisions"}],"predecessor-version":[{"id":210136,"href":"https:\/\/diarioregionaldigital.com.br\/index.php?rest_route=\/wp\/v2\/posts\/210134\/revisions\/210136"}],"wp:featuredmedia":[{"embeddable":true,"href":"https:\/\/diarioregionaldigital.com.br\/index.php?rest_route=\/wp\/v2\/media\/210135"}],"wp:attachment":[{"href":"https:\/\/diarioregionaldigital.com.br\/index.php?rest_route=%2Fwp%2Fv2%2Fmedia&parent=210134"}],"wp:term":[{"taxonomy":"category","embeddable":true,"href":"https:\/\/diarioregionaldigital.com.br\/index.php?rest_route=%2Fwp%2Fv2%2Fcategories&post=210134"},{"taxonomy":"post_tag","embeddable":true,"href":"https:\/\/diarioregionaldigital.com.br\/index.php?rest_route=%2Fwp%2Fv2%2Ftags&post=210134"}],"curies":[{"name":"wp","href":"https:\/\/api.w.org\/{rel}","templated":true}]}}