{"id":210131,"date":"2023-02-08T18:29:32","date_gmt":"2023-02-08T21:29:32","guid":{"rendered":"https:\/\/diarioregionaldigital.com.br\/?p=210131"},"modified":"2023-02-08T18:29:32","modified_gmt":"2023-02-08T21:29:32","slug":"abertas-as-inscricoes-de-empresas-para-o-espaco-emprego-jf","status":"publish","type":"post","link":"https:\/\/diarioregionaldigital.com.br\/?p=210131","title":{"rendered":"Abertas as inscri\u00e7\u00f5es de empresas para o \u201cEspa\u00e7o Emprego JF\u201d"},"content":{"rendered":"<p>Segundo informa\u00e7\u00f5es do site da Prefeitura de Juiz de Fora (PJF), a Prefeitura de Juiz de Fora (PJF), por meio da Secretaria de Desenvolvimento Sustent\u00e1vel e Inclusivo, da Inova\u00e7\u00e3o e Competitividade (Sedic), abriu inscri\u00e7\u00f5es para a sele\u00e7\u00e3o de empresas locais interessadas em participar do projeto &#8220;Espa\u00e7o Emprego JF\u201d, do programa \u201cGera\u00e7\u00e3o JF \u2013 Emprego, Renda e Neg\u00f3cios\u201d. Os interessados dever\u00e3o preencher o cadastro atrav\u00e9s do\u00a0<a href=\"https:\/\/linktr.ee\/Sedic\"><strong>endere\u00e7o eletr\u00f4nico<\/strong><\/a>\u00a0at\u00e9 esta quinta-feira, 9.<\/p>\n<p>Podem se inscrever empresas ou entidades representativas, com mais de cem oportunidades de emprego dispon\u00edveis para contrata\u00e7\u00e3o imediata. O objetivo do projeto de intermedia\u00e7\u00e3o de m\u00e3o de obra para o mercado de trabalho \u00e9 promover a inser\u00e7\u00e3o de trabalhadores em vagas permanentes, tempor\u00e1rias, de aprendizes ou de est\u00e1gios, al\u00e9m de apoiar empregadores que necessitam contratar trabalhadores.<\/p>\n<p>As empresas selecionadas poder\u00e3o utilizar espa\u00e7o p\u00fablico indicado pela PJF, de acordo com a necessidade, para oferta de postos de trabalho e recebimento de curr\u00edculos. A pr\u00f3xima edi\u00e7\u00e3o do projeto ocorrer\u00e1 no dia 16 de fevereiro, quinta-feira, das 9h \u00e0s 15h.<\/p>\n<p>Para a edi\u00e7\u00e3o, ser\u00e3o selecionadas quatro empresas, a partir dos seguintes crit\u00e9rios: maior n\u00famero de vagas dispon\u00edveis; e menor prazo para efetiva\u00e7\u00e3o da contrata\u00e7\u00e3o. Caso o n\u00famero de inscri\u00e7\u00f5es seja superior ao de vagas oferecidas, ser\u00e1 dada prioridade \u00e0s empresas inscritas, caso haja amplia\u00e7\u00e3o das vagas nesta edi\u00e7\u00e3o, ou nas pr\u00f3ximas edi\u00e7\u00f5es do evento. Para participa\u00e7\u00e3o no projeto, ficam as empresas respons\u00e1veis por informar \u00e0 Sedic o n\u00famero de contrata\u00e7\u00f5es realizadas durante a a\u00e7\u00e3o.<strong>\u00a0<\/strong>Quaisquer d\u00favidas poder\u00e3o ser esclarecidas atrav\u00e9s do telefone (32) 2104-8503 ou pelo e-mail\u00a0<strong>vagoujf@gmail.com<\/strong><strong>.<\/strong><\/p>\n","protected":false},"excerpt":{"rendered":"<p>Segundo informa\u00e7\u00f5es do site da Prefeitura de Juiz de Fora (PJF), a Prefeitura de Juiz de Fora (PJF), por meio da Secretaria de Desenvolvimento Sustent\u00e1vel e Inclusivo, da Inova\u00e7\u00e3o e Competitividade (Sedic), abriu inscri\u00e7\u00f5es para a sele\u00e7\u00e3o de empresas locais interessadas em participar do projeto &#8220;Espa\u00e7o Emprego JF\u201d, do programa \u201cGera\u00e7\u00e3o JF \u2013 Emprego, Renda [&hellip;]<\/p>\n","protected":false},"author":246,"featured_media":210132,"comment_status":"closed","ping_status":"closed","sticky":false,"template":"","format":"standard","meta":{"footnotes":""},"categories":[253,436,439],"tags":[],"class_list":["post-210131","post","type-post","status-publish","format-standard","has-post-thumbnail","hentry","category-cidade","category-destaque-da-semana","category-ultima-hora"],"_links":{"self":[{"href":"https:\/\/diarioregionaldigital.com.br\/index.php?rest_route=\/wp\/v2\/posts\/210131","targetHints":{"allow":["GET"]}}],"collection":[{"href":"https:\/\/diarioregionaldigital.com.br\/index.php?rest_route=\/wp\/v2\/posts"}],"about":[{"href":"https:\/\/diarioregionaldigital.com.br\/index.php?rest_route=\/wp\/v2\/types\/post"}],"author":[{"embeddable":true,"href":"https:\/\/diarioregionaldigital.com.br\/index.php?rest_route=\/wp\/v2\/users\/246"}],"replies":[{"embeddable":true,"href":"https:\/\/diarioregionaldigital.com.br\/index.php?rest_route=%2Fwp%2Fv2%2Fcomments&post=210131"}],"version-history":[{"count":1,"href":"https:\/\/diarioregionaldigital.com.br\/index.php?rest_route=\/wp\/v2\/posts\/210131\/revisions"}],"predecessor-version":[{"id":210133,"href":"https:\/\/diarioregionaldigital.com.br\/index.php?rest_route=\/wp\/v2\/posts\/210131\/revisions\/210133"}],"wp:featuredmedia":[{"embeddable":true,"href":"https:\/\/diarioregionaldigital.com.br\/index.php?rest_route=\/wp\/v2\/media\/210132"}],"wp:attachment":[{"href":"https:\/\/diarioregionaldigital.com.br\/index.php?rest_route=%2Fwp%2Fv2%2Fmedia&parent=210131"}],"wp:term":[{"taxonomy":"category","embeddable":true,"href":"https:\/\/diarioregionaldigital.com.br\/index.php?rest_route=%2Fwp%2Fv2%2Fcategories&post=210131"},{"taxonomy":"post_tag","embeddable":true,"href":"https:\/\/diarioregionaldigital.com.br\/index.php?rest_route=%2Fwp%2Fv2%2Ftags&post=210131"}],"curies":[{"name":"wp","href":"https:\/\/api.w.org\/{rel}","templated":true}]}}