{"id":210127,"date":"2023-02-08T18:24:35","date_gmt":"2023-02-08T21:24:35","guid":{"rendered":"https:\/\/diarioregionaldigital.com.br\/?p=210127"},"modified":"2023-02-08T18:24:35","modified_gmt":"2023-02-08T21:24:35","slug":"museu-mariano-procopio-tem-seu-tombamento-retificado-pelo-iphan","status":"publish","type":"post","link":"https:\/\/diarioregionaldigital.com.br\/?p=210127","title":{"rendered":"Museu Mariano Proc\u00f3pio tem seu tombamento retificado pelo Iphan"},"content":{"rendered":"<p>Segundo informa\u00e7\u00f5es do site da Prefeitura de Juiz de Fora (PJF), nesta ter\u00e7a-feira, 7, o Instituto do Patrim\u00f4nio Hist\u00f3rico e Art\u00edstico Nacional (Iphan) divulgou a retifica\u00e7\u00e3o de tombamento do Conjunto Arquitet\u00f4nico e Art\u00edstico do Museu Mariano Proc\u00f3pio. O tombamento, que foi iniciado no ano de 2013, foi conclu\u00eddo pelo Instituto e publicado no Di\u00e1rio Oficial da Uni\u00e3o no dia 4 de janeiro deste ano. Com a conclus\u00e3o do processo, toda a \u00e1rea do Parque Mariano Proc\u00f3pio, Villa Ferreira Lage e Museu Mariano Proc\u00f3pio foi tombada. Desta forma, todo o conjunto passa a gozar de prote\u00e7\u00e3o, por meio do instituto, para o efeito previsto na lei.<\/p>\n<div id=\"box_texto_noticia\">\n<p>Segundo o Iphan, o objetivo da retifica\u00e7\u00e3o \u00e9 atualizar a descri\u00e7\u00e3o da poligonal de entorno, bem como mencionar o valor art\u00edstico do conjunto, tendo em vista a decis\u00e3o do Conselho Consultivo do Patrim\u00f4nio Cultural ao tombar o bem, em setembro de 2015, n\u00e3o apenas pelo seu elevado valor hist\u00f3rico e paisag\u00edstico, mas igualmente por seu valor art\u00edstico. A diretora da Mapro, Maria L\u00facia Horta Ludolf de Mello, destacou que \u201co tombamento \u00e9 de extrema import\u00e2ncia para o munic\u00edpio de Juiz de Fora, pois protege um dos maiores patrim\u00f4nios hist\u00f3ricos, culturais e art\u00edsticos da cidade\u201d.<\/p>\n<p><strong>O Museu Mariano Proc\u00f3pio<\/strong><\/p>\n<p>O Museu Mariano Proc\u00f3pio \u00e9 o resultado do legado de Alfredo Ferreira Lage (1865-1944), que, dentre as suas atribui\u00e7\u00f5es, era colecionador e dedicou sua vida \u00e0 forma\u00e7\u00e3o de um dos mais significativos acervos art\u00edsticos, hist\u00f3ricos e de ci\u00eancias naturais do Brasil. A cole\u00e7\u00e3o aqui presente foi tombada pelo Iphan em 1939. O parque e as edifica\u00e7\u00f5es foram tombados pelo munic\u00edpio em 1983. Em setembro de 2015, o Iphan tombou o Conjunto Arquitet\u00f4nico e Paisag\u00edstico.<\/p>\n<\/div>\n<p>&nbsp;<\/p>\n<div id=\"box_compartilhar\" align=\"right\"><\/div>\n","protected":false},"excerpt":{"rendered":"<p>Segundo informa\u00e7\u00f5es do site da Prefeitura de Juiz de Fora (PJF), nesta ter\u00e7a-feira, 7, o Instituto do Patrim\u00f4nio Hist\u00f3rico e Art\u00edstico Nacional (Iphan) divulgou a retifica\u00e7\u00e3o de tombamento do Conjunto Arquitet\u00f4nico e Art\u00edstico do Museu Mariano Proc\u00f3pio. O tombamento, que foi iniciado no ano de 2013, foi conclu\u00eddo pelo Instituto e publicado no Di\u00e1rio Oficial [&hellip;]<\/p>\n","protected":false},"author":246,"featured_media":210128,"comment_status":"closed","ping_status":"closed","sticky":false,"template":"","format":"standard","meta":{"footnotes":""},"categories":[253,436,439],"tags":[],"class_list":["post-210127","post","type-post","status-publish","format-standard","has-post-thumbnail","hentry","category-cidade","category-destaque-da-semana","category-ultima-hora"],"_links":{"self":[{"href":"https:\/\/diarioregionaldigital.com.br\/index.php?rest_route=\/wp\/v2\/posts\/210127","targetHints":{"allow":["GET"]}}],"collection":[{"href":"https:\/\/diarioregionaldigital.com.br\/index.php?rest_route=\/wp\/v2\/posts"}],"about":[{"href":"https:\/\/diarioregionaldigital.com.br\/index.php?rest_route=\/wp\/v2\/types\/post"}],"author":[{"embeddable":true,"href":"https:\/\/diarioregionaldigital.com.br\/index.php?rest_route=\/wp\/v2\/users\/246"}],"replies":[{"embeddable":true,"href":"https:\/\/diarioregionaldigital.com.br\/index.php?rest_route=%2Fwp%2Fv2%2Fcomments&post=210127"}],"version-history":[{"count":2,"href":"https:\/\/diarioregionaldigital.com.br\/index.php?rest_route=\/wp\/v2\/posts\/210127\/revisions"}],"predecessor-version":[{"id":210130,"href":"https:\/\/diarioregionaldigital.com.br\/index.php?rest_route=\/wp\/v2\/posts\/210127\/revisions\/210130"}],"wp:featuredmedia":[{"embeddable":true,"href":"https:\/\/diarioregionaldigital.com.br\/index.php?rest_route=\/wp\/v2\/media\/210128"}],"wp:attachment":[{"href":"https:\/\/diarioregionaldigital.com.br\/index.php?rest_route=%2Fwp%2Fv2%2Fmedia&parent=210127"}],"wp:term":[{"taxonomy":"category","embeddable":true,"href":"https:\/\/diarioregionaldigital.com.br\/index.php?rest_route=%2Fwp%2Fv2%2Fcategories&post=210127"},{"taxonomy":"post_tag","embeddable":true,"href":"https:\/\/diarioregionaldigital.com.br\/index.php?rest_route=%2Fwp%2Fv2%2Ftags&post=210127"}],"curies":[{"name":"wp","href":"https:\/\/api.w.org\/{rel}","templated":true}]}}