{"id":210121,"date":"2023-02-08T18:18:45","date_gmt":"2023-02-08T21:18:45","guid":{"rendered":"https:\/\/diarioregionaldigital.com.br\/?p=210121"},"modified":"2023-02-08T18:18:45","modified_gmt":"2023-02-08T21:18:45","slug":"alison-dos-santos-sofre-lesao-no-joelho-e-tera-de-passar-por-cirurgia","status":"publish","type":"post","link":"https:\/\/diarioregionaldigital.com.br\/?p=210121","title":{"rendered":"Alison dos Santos sofre les\u00e3o no joelho e ter\u00e1 de passar por cirurgia"},"content":{"rendered":"<p>O atual campe\u00e3o mundial dos 400 metros com barreiras, Alison dos Santos, sofreu uma les\u00e3o no menisco do joelho direito durante um treinamento em S\u00e3o Paulo. Segundo publica\u00e7\u00e3o do perfil do Comit\u00ea Ol\u00edmpico do Brasil (COB) no Twitter, nesta\u00a0quarta-feira (8), o atleta de 22 anos\u00a0ter\u00e1 de passar por cirurgia. Ainda n\u00e3o h\u00e1 data para o procedimento, nem previs\u00e3o de volta \u00e0s pistas.<img decoding=\"async\" src=\"https:\/\/agenciabrasil.ebc.com.br\/ebc.png?id=1509056&amp;o=node\" \/><img decoding=\"async\" src=\"https:\/\/agenciabrasil.ebc.com.br\/ebc.gif?id=1509056&amp;o=node\" \/><\/p>\n<p>Em nota, o Esporte Clube Pinheiros, agremia\u00e7\u00e3o que Alison defende, informou que os exames realizados pelo atleta detectaram uma les\u00e3o chamada &#8220;al\u00e7a de balde&#8221;, pelo formato que fica o menisco afetado. Segundo a entidade, a equipe m\u00e9dica do COB est\u00e1 acompanhando o atleta.<\/p>\n<p>&#8220;Essa semana, acabei sentido o joelho, mas era preciso tratar, &#8216;t\u00e1&#8217; ligado como funciona a vida. [Quero] Agradecer a todos que est\u00e3o comigo nesse momento, mandando mensagens, boas energias, fazendo o poss\u00edvel para me confortar um pouco nessa situa\u00e7\u00e3o que, como voc\u00eas sabem, a not\u00edcia \u00e9 um baque. Estamos planejando tudo certinho, vamos fazer tudo bonitinho. Quando tiver mais not\u00edcias do tratamento, trago para voc\u00eas. Agradecer ao COB que est\u00e1 salvando muito a vida. Dizer que estou bem, vamos trabalhar, fazer a cirurgia, tratar e vida que segue. Continuar com foco. Nada muda. Temos nossos objetivos deste ano e do ano que vem tamb\u00e9m&#8221;, disse Alison, em v\u00eddeo divulgado \u00e0 imprensa pela assessoria de imprensa do COB.<\/p>\n<p>Medalhista de bronze na Olimp\u00edada de T\u00f3quio (Jap\u00e3o), Alison conquistou, na \u00faltima\u00a0quinta-feira (2), o Pr\u00eamio Brasil Ol\u00edmpico de melhor atleta masculino de 2022. Na temporada passada, al\u00e9m do t\u00edtulo mundial. atingido em Eugene (Estados Unidos), Piu &#8211; como \u00e9 conhecido o paulista &#8211; foi o vencedor da Liga Diamante, principal circuito do atletismo internacional.<\/p>\n<p>O calend\u00e1rio de Alison para 2023 prev\u00ea, al\u00e9m da Liga Diamante, o Mundial de Budapeste (Hungria), entre 19 a\u00a027 de agosto, e os Jogos Pan-Americanos de Santiago (Chile), de\u00a020 de outubro\u00a0a\u00a05 de novembro. No ano que vem, o barreirista \u00e9 um dos favoritos a medalha na Olimp\u00edada de Paris (Fran\u00e7a).<\/p>\n<p><span style=\"font-weight: 400;\">Fonte: Ag\u00eancia Brasil <\/span><\/p>\n","protected":false},"excerpt":{"rendered":"<p>O atual campe\u00e3o mundial dos 400 metros com barreiras, Alison dos Santos, sofreu uma les\u00e3o no menisco do joelho direito durante um treinamento em S\u00e3o Paulo. Segundo publica\u00e7\u00e3o do perfil do Comit\u00ea Ol\u00edmpico do Brasil (COB) no Twitter, nesta\u00a0quarta-feira (8), o atleta de 22 anos\u00a0ter\u00e1 de passar por cirurgia. Ainda n\u00e3o h\u00e1 data para o [&hellip;]<\/p>\n","protected":false},"author":246,"featured_media":210122,"comment_status":"closed","ping_status":"closed","sticky":false,"template":"","format":"standard","meta":{"footnotes":""},"categories":[436,257,439],"tags":[],"class_list":["post-210121","post","type-post","status-publish","format-standard","has-post-thumbnail","hentry","category-destaque-da-semana","category-esporte","category-ultima-hora"],"_links":{"self":[{"href":"https:\/\/diarioregionaldigital.com.br\/index.php?rest_route=\/wp\/v2\/posts\/210121","targetHints":{"allow":["GET"]}}],"collection":[{"href":"https:\/\/diarioregionaldigital.com.br\/index.php?rest_route=\/wp\/v2\/posts"}],"about":[{"href":"https:\/\/diarioregionaldigital.com.br\/index.php?rest_route=\/wp\/v2\/types\/post"}],"author":[{"embeddable":true,"href":"https:\/\/diarioregionaldigital.com.br\/index.php?rest_route=\/wp\/v2\/users\/246"}],"replies":[{"embeddable":true,"href":"https:\/\/diarioregionaldigital.com.br\/index.php?rest_route=%2Fwp%2Fv2%2Fcomments&post=210121"}],"version-history":[{"count":1,"href":"https:\/\/diarioregionaldigital.com.br\/index.php?rest_route=\/wp\/v2\/posts\/210121\/revisions"}],"predecessor-version":[{"id":210123,"href":"https:\/\/diarioregionaldigital.com.br\/index.php?rest_route=\/wp\/v2\/posts\/210121\/revisions\/210123"}],"wp:featuredmedia":[{"embeddable":true,"href":"https:\/\/diarioregionaldigital.com.br\/index.php?rest_route=\/wp\/v2\/media\/210122"}],"wp:attachment":[{"href":"https:\/\/diarioregionaldigital.com.br\/index.php?rest_route=%2Fwp%2Fv2%2Fmedia&parent=210121"}],"wp:term":[{"taxonomy":"category","embeddable":true,"href":"https:\/\/diarioregionaldigital.com.br\/index.php?rest_route=%2Fwp%2Fv2%2Fcategories&post=210121"},{"taxonomy":"post_tag","embeddable":true,"href":"https:\/\/diarioregionaldigital.com.br\/index.php?rest_route=%2Fwp%2Fv2%2Ftags&post=210121"}],"curies":[{"name":"wp","href":"https:\/\/api.w.org\/{rel}","templated":true}]}}