{"id":210118,"date":"2023-02-08T18:17:22","date_gmt":"2023-02-08T21:17:22","guid":{"rendered":"https:\/\/diarioregionaldigital.com.br\/?p=210118"},"modified":"2023-02-08T18:17:22","modified_gmt":"2023-02-08T21:17:22","slug":"brasil-conhece-rivais-no-mundial-de-basquete-em-cadeira-de-rodas","status":"publish","type":"post","link":"https:\/\/diarioregionaldigital.com.br\/?p=210118","title":{"rendered":"Brasil conhece rivais no Mundial de basquete em cadeira de rodas"},"content":{"rendered":"<p>As sele\u00e7\u00f5es masculina e feminina de basquete em cadeira de rodas conheceram nesta quarta-feira (8) os advers\u00e1rios na primeira fase do Campeonato Mundial da modalidade, que ser\u00e1 disputado em Dubai (Emirados \u00c1rabes Unidos), entre 9 e\u00a020 de junho. A competi\u00e7\u00e3o estava marcada para 16 a\u00a027 de novembro\u00a0do ano passado, mas foi adiada, para n\u00e3o coincidir com a realiza\u00e7\u00e3o da Copa do Mundo de futebol masculino, no vizinho Catar.<img decoding=\"async\" src=\"https:\/\/agenciabrasil.ebc.com.br\/ebc.png?id=1509104&amp;o=node\" \/><img decoding=\"async\" src=\"https:\/\/agenciabrasil.ebc.com.br\/ebc.gif?id=1509104&amp;o=node\" \/><\/p>\n<p>No torneio dos homens, a equipe brasileira foi sorteada no Grupo A, com Austr\u00e1lia, It\u00e1lia e dos anfitri\u00f5es. Principal for\u00e7a da chave, os australianos ficaram na terceira posi\u00e7\u00e3o na edi\u00e7\u00e3o anterior, disputada em Hamburgo (Alemanha), em 2018. Atual campe\u00e3 mundial e paral\u00edmpica, a Gr\u00e3-Bretanha est\u00e1 no Grupo D, junto de Estados Unidos, Ir\u00e3 e Iraque.<\/p>\n<p>J\u00e1 na disputa feminina,\u00a0o Brasil caiu no Grupo B, com Canad\u00e1, China, Austr\u00e1lia, Espanha e Gr\u00e3-Bretanha. As brit\u00e2nicas s\u00e3o as atuais vice-campe\u00e3s mundiais, enquanto as chinesas foram medalhistas de prata na Paralimp\u00edada de T\u00f3quio (Jap\u00e3o). Ambas foram derrotadas, nas respectivas finais, pela Holanda, que figura no Grupo A, ao lado de Arg\u00e9lia, EUA, Tail\u00e2ndia, Alemanha e das japonesas.<\/p>\n<p>A competi\u00e7\u00e3o masculina re\u00fane 16 sele\u00e7\u00f5es, divididas em quatro grupos. Todas disputar\u00e3o o mata-mata. A primeira fase serve para definir quais ser\u00e3o os confrontos das oitavas de final.\u00a0O\u00a0torneio feminino tem 12 times, separados em duas chaves.\u00a0Os quatro primeiros de cada avan\u00e7am \u00e0s quartas de final.<\/p>\n<p>As equipes brasileiras se classificaram para o Mundial na\u00a0<a href=\"https:\/\/agenciabrasil.ebc.com.br\/esportes\/noticia\/2022-07\/selecoes-do-brasil-garantem-vaga-no-mundial-de-basquete-sobre-rodas\">Copa Am\u00e9rica de basquete em cadeira de rodas,<\/a>\u00a0disputada em julho do ano passado, em S\u00e3o Paulo.\u00a0A sele\u00e7\u00e3o masculina terminou o torneio na\u00a0quarta\u00a0posi\u00e7\u00e3o, enquanto a feminina conquistou o bronze. Os quatro melhores times entre os homens e os tr\u00eas entre as mulheres asseguraram vaga em Dubai.<\/p>\n<p>Ser\u00e1 a\u00a0quarta\u00a0participa\u00e7\u00e3o de ambas as sele\u00e7\u00f5es nos respectivos Mundiais. Entre os homens, a melhor campanha foi um nono lugar, entre 12 equipes, na edi\u00e7\u00e3o de 2006, em Amsterd\u00e3 (Holanda). No feminino, o melhor desempenho foi justamente em Hamburgo, com a d\u00e9cima posi\u00e7\u00e3o (entre 12 times).<\/p>\n<p><span style=\"font-weight: 400;\">Fonte: Ag\u00eancia Brasil <\/span><\/p>\n","protected":false},"excerpt":{"rendered":"<p>As sele\u00e7\u00f5es masculina e feminina de basquete em cadeira de rodas conheceram nesta quarta-feira (8) os advers\u00e1rios na primeira fase do Campeonato Mundial da modalidade, que ser\u00e1 disputado em Dubai (Emirados \u00c1rabes Unidos), entre 9 e\u00a020 de junho. A competi\u00e7\u00e3o estava marcada para 16 a\u00a027 de novembro\u00a0do ano passado, mas foi adiada, para n\u00e3o coincidir [&hellip;]<\/p>\n","protected":false},"author":246,"featured_media":210119,"comment_status":"closed","ping_status":"closed","sticky":false,"template":"","format":"standard","meta":{"footnotes":""},"categories":[257,439],"tags":[],"class_list":["post-210118","post","type-post","status-publish","format-standard","has-post-thumbnail","hentry","category-esporte","category-ultima-hora"],"_links":{"self":[{"href":"https:\/\/diarioregionaldigital.com.br\/index.php?rest_route=\/wp\/v2\/posts\/210118","targetHints":{"allow":["GET"]}}],"collection":[{"href":"https:\/\/diarioregionaldigital.com.br\/index.php?rest_route=\/wp\/v2\/posts"}],"about":[{"href":"https:\/\/diarioregionaldigital.com.br\/index.php?rest_route=\/wp\/v2\/types\/post"}],"author":[{"embeddable":true,"href":"https:\/\/diarioregionaldigital.com.br\/index.php?rest_route=\/wp\/v2\/users\/246"}],"replies":[{"embeddable":true,"href":"https:\/\/diarioregionaldigital.com.br\/index.php?rest_route=%2Fwp%2Fv2%2Fcomments&post=210118"}],"version-history":[{"count":1,"href":"https:\/\/diarioregionaldigital.com.br\/index.php?rest_route=\/wp\/v2\/posts\/210118\/revisions"}],"predecessor-version":[{"id":210120,"href":"https:\/\/diarioregionaldigital.com.br\/index.php?rest_route=\/wp\/v2\/posts\/210118\/revisions\/210120"}],"wp:featuredmedia":[{"embeddable":true,"href":"https:\/\/diarioregionaldigital.com.br\/index.php?rest_route=\/wp\/v2\/media\/210119"}],"wp:attachment":[{"href":"https:\/\/diarioregionaldigital.com.br\/index.php?rest_route=%2Fwp%2Fv2%2Fmedia&parent=210118"}],"wp:term":[{"taxonomy":"category","embeddable":true,"href":"https:\/\/diarioregionaldigital.com.br\/index.php?rest_route=%2Fwp%2Fv2%2Fcategories&post=210118"},{"taxonomy":"post_tag","embeddable":true,"href":"https:\/\/diarioregionaldigital.com.br\/index.php?rest_route=%2Fwp%2Fv2%2Ftags&post=210118"}],"curies":[{"name":"wp","href":"https:\/\/api.w.org\/{rel}","templated":true}]}}