{"id":210109,"date":"2023-02-08T18:09:31","date_gmt":"2023-02-08T21:09:31","guid":{"rendered":"https:\/\/diarioregionaldigital.com.br\/?p=210109"},"modified":"2023-02-08T18:09:31","modified_gmt":"2023-02-08T21:09:31","slug":"moraes-autoriza-devolucao-de-celular-do-senador-marcos-do-val","status":"publish","type":"post","link":"https:\/\/diarioregionaldigital.com.br\/?p=210109","title":{"rendered":"Moraes autoriza devolu\u00e7\u00e3o de celular do senador Marcos do Val"},"content":{"rendered":"<p>O ministro Alexandre de Moraes, do Supremo Tribunal Federal (STF), autorizou a devolu\u00e7\u00e3o do aparelho celular do senador Marcos do Val (Podemos-ES). A decis\u00e3o atende a um pedido feito pela Pol\u00edcia Federal, que informou j\u00e1 ter extra\u00eddo os dados do aparelho necess\u00e1rios para investiga\u00e7\u00e3o.<img decoding=\"async\" src=\"https:\/\/agenciabrasil.ebc.com.br\/ebc.png?id=1508872&amp;o=node\" \/><img decoding=\"async\" src=\"https:\/\/agenciabrasil.ebc.com.br\/ebc.gif?id=1508872&amp;o=node\" \/><\/p>\n<p>O senador \u00e9 investigado ap\u00f3s ter declarado que participou de uma reuni\u00e3o com o ex-presidente Jair Bolsonaro e o ex-deputado Daniel Silveira, que tinha como\u00a0objetivo\u00a0de gravar conversas com o ministro Alexandre de Moraes para constrang\u00ea-lo e comprometer o resultado das elei\u00e7\u00f5es.<\/p>\n<p>\u201cA Pol\u00edcia Federal solicitou autoriza\u00e7\u00e3o para restituir o aparelho celular \u2013 fornecido espontaneamente por Marcos do Val \u2013 por j\u00e1 ter realizado a extra\u00e7\u00e3o dos dados. Diante disso, nos termos do art. 118 do C\u00f3digo de Processo Penal, autorizo a restitui\u00e7\u00e3o do celular de Marcos do Val\u201d, diz Moraes na decis\u00e3o.<\/p>\n<p>Al\u00e9m da PF, a Advocacia-Geral do Senado Federal apresentou requerimento solicitando a devolu\u00e7\u00e3o do aparelho.<\/p>\n<h2>Investiga\u00e7\u00e3o<\/h2>\n<p>Na sexta-feira passada (3), Moraes\u00a0<a href=\"https:\/\/agenciabrasil.ebc.com.br\/justica\/noticia\/2023-02\/moraes-determina-investigacao-contra-senador-marcos-do-val\" target=\"_blank\" rel=\"noopener\">determinou a abertura de investiga\u00e7\u00e3o<\/a>\u00a0para apurar as declara\u00e7\u00f5es de Marcos do Val.<\/p>\n<p>O ministro Alexandre de Moraes alega que o senador apresentou vers\u00e3o diferente dos fatos ao ser ouvido pela Pol\u00edcia Federal e, por isso, deve ser feita a investiga\u00e7\u00e3o dos crimes de falso testemunho, cal\u00fania e coa\u00e7\u00e3o no processo. &#8220;Ap\u00f3s a oitiva, o relator constatou que o senador apresentou quatro vers\u00f5es antag\u00f4nicas sobre o fato, a \u00faltima em depoimento \u00e0 PF, o que demonstra a \u201cpertin\u00eancia e necessidade\u201d da realiza\u00e7\u00e3o de dilig\u00eancias para o seu completo esclarecimento e para a apura\u00e7\u00e3o dos crimes de falso testemunho, denuncia\u00e7\u00e3o caluniosa e coa\u00e7\u00e3o no curso do processo&#8221;.<\/p>\n<p><span style=\"font-weight: 400;\"><br \/>\n<\/span><span style=\"font-weight: 400;\">Fonte: Ag\u00eancia Brasil <\/span><\/p>\n","protected":false},"excerpt":{"rendered":"<p>O ministro Alexandre de Moraes, do Supremo Tribunal Federal (STF), autorizou a devolu\u00e7\u00e3o do aparelho celular do senador Marcos do Val (Podemos-ES). A decis\u00e3o atende a um pedido feito pela Pol\u00edcia Federal, que informou j\u00e1 ter extra\u00eddo os dados do aparelho necess\u00e1rios para investiga\u00e7\u00e3o. O senador \u00e9 investigado ap\u00f3s ter declarado que participou de uma [&hellip;]<\/p>\n","protected":false},"author":246,"featured_media":210110,"comment_status":"closed","ping_status":"closed","sticky":false,"template":"","format":"standard","meta":{"footnotes":""},"categories":[436,254,439],"tags":[],"class_list":["post-210109","post","type-post","status-publish","format-standard","has-post-thumbnail","hentry","category-destaque-da-semana","category-politica","category-ultima-hora"],"_links":{"self":[{"href":"https:\/\/diarioregionaldigital.com.br\/index.php?rest_route=\/wp\/v2\/posts\/210109","targetHints":{"allow":["GET"]}}],"collection":[{"href":"https:\/\/diarioregionaldigital.com.br\/index.php?rest_route=\/wp\/v2\/posts"}],"about":[{"href":"https:\/\/diarioregionaldigital.com.br\/index.php?rest_route=\/wp\/v2\/types\/post"}],"author":[{"embeddable":true,"href":"https:\/\/diarioregionaldigital.com.br\/index.php?rest_route=\/wp\/v2\/users\/246"}],"replies":[{"embeddable":true,"href":"https:\/\/diarioregionaldigital.com.br\/index.php?rest_route=%2Fwp%2Fv2%2Fcomments&post=210109"}],"version-history":[{"count":1,"href":"https:\/\/diarioregionaldigital.com.br\/index.php?rest_route=\/wp\/v2\/posts\/210109\/revisions"}],"predecessor-version":[{"id":210111,"href":"https:\/\/diarioregionaldigital.com.br\/index.php?rest_route=\/wp\/v2\/posts\/210109\/revisions\/210111"}],"wp:featuredmedia":[{"embeddable":true,"href":"https:\/\/diarioregionaldigital.com.br\/index.php?rest_route=\/wp\/v2\/media\/210110"}],"wp:attachment":[{"href":"https:\/\/diarioregionaldigital.com.br\/index.php?rest_route=%2Fwp%2Fv2%2Fmedia&parent=210109"}],"wp:term":[{"taxonomy":"category","embeddable":true,"href":"https:\/\/diarioregionaldigital.com.br\/index.php?rest_route=%2Fwp%2Fv2%2Fcategories&post=210109"},{"taxonomy":"post_tag","embeddable":true,"href":"https:\/\/diarioregionaldigital.com.br\/index.php?rest_route=%2Fwp%2Fv2%2Ftags&post=210109"}],"curies":[{"name":"wp","href":"https:\/\/api.w.org\/{rel}","templated":true}]}}