{"id":210105,"date":"2023-02-08T18:08:17","date_gmt":"2023-02-08T21:08:17","guid":{"rendered":"https:\/\/diarioregionaldigital.com.br\/?p=210105"},"modified":"2023-02-08T18:08:17","modified_gmt":"2023-02-08T21:08:17","slug":"moraes-pede-manifestacao-da-pgr-sobre-pedido-de-soltura-de-torres","status":"publish","type":"post","link":"https:\/\/diarioregionaldigital.com.br\/?p=210105","title":{"rendered":"Moraes pede manifesta\u00e7\u00e3o da PGR sobre pedido de soltura de Torres"},"content":{"rendered":"<p>O ministro do Supremo Tribunal Federal (STF), Alexandre de Moraes, determinou que a Procuradoria-Geral da Rep\u00fablica (PGR) manifeste-se sobre pedido de revoga\u00e7\u00e3o da pris\u00e3o\u00a0feito pela defesa do ex-ministro da Justi\u00e7a Anderson Torres, preso desde o dia 14 de janeiro.<img decoding=\"async\" src=\"https:\/\/agenciabrasil.ebc.com.br\/ebc.png?id=1508876&amp;o=node\" \/><img decoding=\"async\" src=\"https:\/\/agenciabrasil.ebc.com.br\/ebc.gif?id=1508876&amp;o=node\" \/><\/p>\n<p>A defesa de Torres solicita a liberdade do ex-ministro e ex-secret\u00e1rio de Seguran\u00e7a P\u00fablica do Distrito Federal\u00a0e argumenta que n\u00e3o existem motivos para que ele continue preso.<\/p>\n<p>Anderson Torres \u00e9 acusado de omiss\u00e3o e de facilita\u00e7\u00e3o para os atos antidemocr\u00e1ticos ocorridos em Bras\u00edlia, no dia 8 de janeiro, que\u00a0resultaram na invas\u00e3o e depreda\u00e7\u00e3o\u00a0do Pal\u00e1cio do Planalto, do Congresso Nacional e do STF.<\/p>\n<p>A situa\u00e7\u00e3o de Torres se complicou ap\u00f3s a Pol\u00edcia Federal ter encontrado, em sua casa, uma minuta de decreto de estado de defesa a ser cumprido no Tribunal Superior Eleitoral (TSE). Torres diz que n\u00e3o sabe quem redigiu o documento.<\/p>\n<p><span style=\"font-weight: 400;\">Fonte: Ag\u00eancia Brasil <\/span><\/p>\n","protected":false},"excerpt":{"rendered":"<p>O ministro do Supremo Tribunal Federal (STF), Alexandre de Moraes, determinou que a Procuradoria-Geral da Rep\u00fablica (PGR) manifeste-se sobre pedido de revoga\u00e7\u00e3o da pris\u00e3o\u00a0feito pela defesa do ex-ministro da Justi\u00e7a Anderson Torres, preso desde o dia 14 de janeiro. A defesa de Torres solicita a liberdade do ex-ministro e ex-secret\u00e1rio de Seguran\u00e7a P\u00fablica do Distrito [&hellip;]<\/p>\n","protected":false},"author":246,"featured_media":210106,"comment_status":"closed","ping_status":"closed","sticky":false,"template":"","format":"standard","meta":{"footnotes":""},"categories":[436,254,439],"tags":[],"class_list":["post-210105","post","type-post","status-publish","format-standard","has-post-thumbnail","hentry","category-destaque-da-semana","category-politica","category-ultima-hora"],"_links":{"self":[{"href":"https:\/\/diarioregionaldigital.com.br\/index.php?rest_route=\/wp\/v2\/posts\/210105","targetHints":{"allow":["GET"]}}],"collection":[{"href":"https:\/\/diarioregionaldigital.com.br\/index.php?rest_route=\/wp\/v2\/posts"}],"about":[{"href":"https:\/\/diarioregionaldigital.com.br\/index.php?rest_route=\/wp\/v2\/types\/post"}],"author":[{"embeddable":true,"href":"https:\/\/diarioregionaldigital.com.br\/index.php?rest_route=\/wp\/v2\/users\/246"}],"replies":[{"embeddable":true,"href":"https:\/\/diarioregionaldigital.com.br\/index.php?rest_route=%2Fwp%2Fv2%2Fcomments&post=210105"}],"version-history":[{"count":2,"href":"https:\/\/diarioregionaldigital.com.br\/index.php?rest_route=\/wp\/v2\/posts\/210105\/revisions"}],"predecessor-version":[{"id":210108,"href":"https:\/\/diarioregionaldigital.com.br\/index.php?rest_route=\/wp\/v2\/posts\/210105\/revisions\/210108"}],"wp:featuredmedia":[{"embeddable":true,"href":"https:\/\/diarioregionaldigital.com.br\/index.php?rest_route=\/wp\/v2\/media\/210106"}],"wp:attachment":[{"href":"https:\/\/diarioregionaldigital.com.br\/index.php?rest_route=%2Fwp%2Fv2%2Fmedia&parent=210105"}],"wp:term":[{"taxonomy":"category","embeddable":true,"href":"https:\/\/diarioregionaldigital.com.br\/index.php?rest_route=%2Fwp%2Fv2%2Fcategories&post=210105"},{"taxonomy":"post_tag","embeddable":true,"href":"https:\/\/diarioregionaldigital.com.br\/index.php?rest_route=%2Fwp%2Fv2%2Ftags&post=210105"}],"curies":[{"name":"wp","href":"https:\/\/api.w.org\/{rel}","templated":true}]}}