{"id":210102,"date":"2023-02-08T18:06:49","date_gmt":"2023-02-08T21:06:49","guid":{"rendered":"https:\/\/diarioregionaldigital.com.br\/?p=210102"},"modified":"2023-02-08T18:06:49","modified_gmt":"2023-02-08T21:06:49","slug":"no-ceara-17-pessoas-sao-resgatadas-de-trabalho-escravo","status":"publish","type":"post","link":"https:\/\/diarioregionaldigital.com.br\/?p=210102","title":{"rendered":"No Cear\u00e1, 17 pessoas s\u00e3o resgatadas de trabalho escravo"},"content":{"rendered":"<p>Uma opera\u00e7\u00e3o liderada pelo Minist\u00e9rio do Trabalho e Emprego\u00a0resgatou, neste m\u00eas,\u00a017 trabalhadores que estavam em condi\u00e7\u00f5es an\u00e1logas \u00e0 escravid\u00e3o no Cear\u00e1. O n\u00famero de resgatados na opera\u00e7\u00e3o, a primeira do ano no estado, supera mais da metade dos resgatados no estado em 2022, segundo o minist\u00e9rio.<img decoding=\"async\" src=\"https:\/\/agenciabrasil.ebc.com.br\/ebc.png?id=1509119&amp;o=node\" \/><img decoding=\"async\" src=\"https:\/\/agenciabrasil.ebc.com.br\/ebc.gif?id=1509119&amp;o=node\" \/><\/p>\n<p>O grupo foi resgatado nas cidades cearenses de Quixad\u00e1, Russas, S\u00e3o Gon\u00e7alo do Amarante e Itaitinga. Eles trabalhavam na extra\u00e7\u00e3o de pedras paralelep\u00edpedos, cer\u00e2mica e constru\u00e7\u00e3o civil.<\/p>\n<p>No total, os auditores-fiscais do trabalho inspecionaram 20 estabelecimentos entre pedreiras e cer\u00e2micas, sendo que em quatro desses locais foi constatada a presen\u00e7a dos trabalhadores sujeitos \u00e0 condi\u00e7\u00e3o an\u00e1loga a de escravos.<\/p>\n<p>De acordo com o minist\u00e9rio, eles viviam em casas prec\u00e1rias ou pernoitavam em alpendres improvisados, sem camas, e dormiam em redes trazidas pelos pr\u00f3prios trabalhadores. Os locais n\u00e3o tinham arm\u00e1rios ou banheiros. Os trabalhadores n\u00e3o contavam com um local para preparar os alimentos ou \u00e1gua pot\u00e1vel para consumo, al\u00e9m de n\u00e3o ter\u00a0equipamentos de seguran\u00e7a do trabalho instalados.<\/p>\n<p>Os auditores constataram que todos estavam sem registro em carteira de trabalho, sendo que dois trabalhadores s\u00e3o menores de idade.\u00a0Os trabalhadores resgatados foram encaminhados para os servi\u00e7os de assist\u00eancia social dos munic\u00edpios.<\/p>\n<p>Os respons\u00e1veis pelos estabelecimentos foram notificados para regulariza\u00e7\u00e3o do v\u00ednculo trabalhista, quita\u00e7\u00e3o das verbas rescis\u00f3rias dos empregados resgatados (incluindo os menores de idade) e recolhimento do FGTS e das contribui\u00e7\u00f5es sociais.<\/p>\n<p>O minist\u00e9rio informa que as verbas rescis\u00f3rias dos trabalhadores foram pagas nesta semana, em um total de R$ 100 mil. Os respons\u00e1veis firmaram termos de ajustes de condutas com o Minist\u00e9rio P\u00fablico do Trabalho (MPT) e a Defensoria P\u00fablica da Uni\u00e3o (DPU) e negociaram o pagamento de danos morais individuais no valor de R$ 25 mil. Os trabalhadores resgatados\u00a0<span id=\"OBJ_PREFIX_DWT365_com_zimbra_date\" role=\"link\"><span id=\"OBJ_PREFIX_DWT373_com_zimbra_date\" role=\"link\">ter<\/span><\/span>\u00e3o direito ainda a tr\u00eas parcelas do seguro-desemprego.<\/p>\n<p>Al\u00e9m da Secretaria da Inspe\u00e7\u00e3o do Trabalho do minist\u00e9rio, participaram do resgate o Minist\u00e9rio P\u00fablico do Trabalho (MPT), a Defensoria P\u00fablica da Uni\u00e3o (DPU), o Minist\u00e9rio P\u00fablico Federal (MPF) e a Pol\u00edcia Rodovi\u00e1ria Federal (PRF)<\/p>\n<h2>Den\u00fancia<\/h2>\n<p>Para denunciar uma situa\u00e7\u00e3o de trabalho an\u00e1logo ao de escravo, basta\u00a0<a href=\"http:\/\/www.ipe.sit.trabalho.gov.br\/\" target=\"_blank\" rel=\"noopener\">acessar<\/a>\u00a0o Sistema Ip\u00ea,\u00a0lan\u00e7ado em 2020 pela Secretaria de Inspe\u00e7\u00e3o do Trabalho (SIT) em parceria com a Organiza\u00e7\u00e3o Internacional do Trabalho (OIT). A den\u00fancia pode ser an\u00f4nima.<\/p>\n<p><span style=\"font-weight: 400;\">Fonte: Ag\u00eancia Brasil <\/span><\/p>\n","protected":false},"excerpt":{"rendered":"<p>Uma opera\u00e7\u00e3o liderada pelo Minist\u00e9rio do Trabalho e Emprego\u00a0resgatou, neste m\u00eas,\u00a017 trabalhadores que estavam em condi\u00e7\u00f5es an\u00e1logas \u00e0 escravid\u00e3o no Cear\u00e1. O n\u00famero de resgatados na opera\u00e7\u00e3o, a primeira do ano no estado, supera mais da metade dos resgatados no estado em 2022, segundo o minist\u00e9rio. O grupo foi resgatado nas cidades cearenses de Quixad\u00e1, [&hellip;]<\/p>\n","protected":false},"author":246,"featured_media":210103,"comment_status":"closed","ping_status":"closed","sticky":false,"template":"","format":"standard","meta":{"footnotes":""},"categories":[436,254,439],"tags":[],"class_list":["post-210102","post","type-post","status-publish","format-standard","has-post-thumbnail","hentry","category-destaque-da-semana","category-politica","category-ultima-hora"],"_links":{"self":[{"href":"https:\/\/diarioregionaldigital.com.br\/index.php?rest_route=\/wp\/v2\/posts\/210102","targetHints":{"allow":["GET"]}}],"collection":[{"href":"https:\/\/diarioregionaldigital.com.br\/index.php?rest_route=\/wp\/v2\/posts"}],"about":[{"href":"https:\/\/diarioregionaldigital.com.br\/index.php?rest_route=\/wp\/v2\/types\/post"}],"author":[{"embeddable":true,"href":"https:\/\/diarioregionaldigital.com.br\/index.php?rest_route=\/wp\/v2\/users\/246"}],"replies":[{"embeddable":true,"href":"https:\/\/diarioregionaldigital.com.br\/index.php?rest_route=%2Fwp%2Fv2%2Fcomments&post=210102"}],"version-history":[{"count":1,"href":"https:\/\/diarioregionaldigital.com.br\/index.php?rest_route=\/wp\/v2\/posts\/210102\/revisions"}],"predecessor-version":[{"id":210104,"href":"https:\/\/diarioregionaldigital.com.br\/index.php?rest_route=\/wp\/v2\/posts\/210102\/revisions\/210104"}],"wp:featuredmedia":[{"embeddable":true,"href":"https:\/\/diarioregionaldigital.com.br\/index.php?rest_route=\/wp\/v2\/media\/210103"}],"wp:attachment":[{"href":"https:\/\/diarioregionaldigital.com.br\/index.php?rest_route=%2Fwp%2Fv2%2Fmedia&parent=210102"}],"wp:term":[{"taxonomy":"category","embeddable":true,"href":"https:\/\/diarioregionaldigital.com.br\/index.php?rest_route=%2Fwp%2Fv2%2Fcategories&post=210102"},{"taxonomy":"post_tag","embeddable":true,"href":"https:\/\/diarioregionaldigital.com.br\/index.php?rest_route=%2Fwp%2Fv2%2Ftags&post=210102"}],"curies":[{"name":"wp","href":"https:\/\/api.w.org\/{rel}","templated":true}]}}