{"id":210096,"date":"2023-02-08T18:01:43","date_gmt":"2023-02-08T21:01:43","guid":{"rendered":"https:\/\/diarioregionaldigital.com.br\/?p=210096"},"modified":"2023-02-08T18:01:43","modified_gmt":"2023-02-08T21:01:43","slug":"pcmg-realiza-buscas-e-prende-dois-suspeitos-durante-operacao-em-juiz-de-fora","status":"publish","type":"post","link":"https:\/\/diarioregionaldigital.com.br\/?p=210096","title":{"rendered":"PCMG realiza buscas e prende dois suspeitos durante opera\u00e7\u00e3o em Juiz de Fora"},"content":{"rendered":"<p>A Pol\u00edcia Civil de Minas Gerais (PCMG) deflagrou opera\u00e7\u00e3o policial no munic\u00edpio de Juiz de Fora, na Zona da mata mineira, na \u00faltima semana, com o objetivo de cumprir mandados de busca e apreens\u00e3o, bem como de pris\u00e3o, mas tamb\u00e9m de arrecadar provas relacionadas a crimes de homic\u00eddio ocorridos na zona Norte. Durante a a\u00e7\u00e3o, dois suspeitos, de 20 e 24 anos, foram presos. Dez pessoas foram conduzidas at\u00e9 a delegacia para prestar esclarecimentos.<\/p>\n<p>Conforme informa\u00e7\u00f5es do delegado Samuel Neri, a manobra \u2013 que contou com apoio do canil da Pol\u00edcia Militar de Minas Gerais (PMMG) &#8211; foi desencadeada nos bairros Jardim Natal e J\u00f3quei Clube e resultou na apreens\u00e3o de um ve\u00edculo, aparelhos celulares, dinheiro, coca\u00edna, maconha e crack. Um adolescente tamb\u00e9m foi apreendido com drogas.<\/p>\n<p>Na ocasi\u00e3o, foi cumprido mandado de pris\u00e3o tempor\u00e1ria contra o jovem, de 24 anos, pela pr\u00e1tica do crime de homic\u00eddio consumado, ocorrido no dia 19 de dezembro do \u00faltimo ano, no bairro J\u00f3quei Clube, onde um rapaz, de 26 anos, foi morto por disparos de arma de fogo. J\u00e1 o outro suspeito foi preso na posse de um aparelho celular pelo crime de recepta\u00e7\u00e3o.<\/p>\n<p>De acordo com Samuel Neri, as drogas pertencem a um investigado, de 21 anos, que se encontra foragido da Justi\u00e7a. O carro dele foi apreendido durante a a\u00e7\u00e3o.<\/p>\n<p>A opera\u00e7\u00e3o foi realizada pelo Grupo de Resposta R\u00e1pida (GRR) da 1\u00aa Delegacia Regional de Pol\u00edcia Civil em Juiz de Fora e contou com a participa\u00e7\u00e3o de policiais civis da Inspetoria Regional de Juiz de Fora; da Delegacia Especializada de Atendimento \u00e0 Mulher (Deam; do Plant\u00e3o Regionalizado e das 1\u00aa, 2\u00aa, 3\u00aa, 4\u00aa e 7\u00aa Delegacias.<\/p>\n","protected":false},"excerpt":{"rendered":"<p>A Pol\u00edcia Civil de Minas Gerais (PCMG) deflagrou opera\u00e7\u00e3o policial no munic\u00edpio de Juiz de Fora, na Zona da mata mineira, na \u00faltima semana, com o objetivo de cumprir mandados de busca e apreens\u00e3o, bem como de pris\u00e3o, mas tamb\u00e9m de arrecadar provas relacionadas a crimes de homic\u00eddio ocorridos na zona Norte. Durante a a\u00e7\u00e3o, [&hellip;]<\/p>\n","protected":false},"author":246,"featured_media":210097,"comment_status":"closed","ping_status":"closed","sticky":false,"template":"","format":"standard","meta":{"footnotes":""},"categories":[301,436,439],"tags":[],"class_list":["post-210096","post","type-post","status-publish","format-standard","has-post-thumbnail","hentry","category-artigos-policiais","category-destaque-da-semana","category-ultima-hora"],"_links":{"self":[{"href":"https:\/\/diarioregionaldigital.com.br\/index.php?rest_route=\/wp\/v2\/posts\/210096","targetHints":{"allow":["GET"]}}],"collection":[{"href":"https:\/\/diarioregionaldigital.com.br\/index.php?rest_route=\/wp\/v2\/posts"}],"about":[{"href":"https:\/\/diarioregionaldigital.com.br\/index.php?rest_route=\/wp\/v2\/types\/post"}],"author":[{"embeddable":true,"href":"https:\/\/diarioregionaldigital.com.br\/index.php?rest_route=\/wp\/v2\/users\/246"}],"replies":[{"embeddable":true,"href":"https:\/\/diarioregionaldigital.com.br\/index.php?rest_route=%2Fwp%2Fv2%2Fcomments&post=210096"}],"version-history":[{"count":1,"href":"https:\/\/diarioregionaldigital.com.br\/index.php?rest_route=\/wp\/v2\/posts\/210096\/revisions"}],"predecessor-version":[{"id":210098,"href":"https:\/\/diarioregionaldigital.com.br\/index.php?rest_route=\/wp\/v2\/posts\/210096\/revisions\/210098"}],"wp:featuredmedia":[{"embeddable":true,"href":"https:\/\/diarioregionaldigital.com.br\/index.php?rest_route=\/wp\/v2\/media\/210097"}],"wp:attachment":[{"href":"https:\/\/diarioregionaldigital.com.br\/index.php?rest_route=%2Fwp%2Fv2%2Fmedia&parent=210096"}],"wp:term":[{"taxonomy":"category","embeddable":true,"href":"https:\/\/diarioregionaldigital.com.br\/index.php?rest_route=%2Fwp%2Fv2%2Fcategories&post=210096"},{"taxonomy":"post_tag","embeddable":true,"href":"https:\/\/diarioregionaldigital.com.br\/index.php?rest_route=%2Fwp%2Fv2%2Ftags&post=210096"}],"curies":[{"name":"wp","href":"https:\/\/api.w.org\/{rel}","templated":true}]}}