{"id":210093,"date":"2023-02-08T17:52:29","date_gmt":"2023-02-08T20:52:29","guid":{"rendered":"https:\/\/diarioregionaldigital.com.br\/?p=210093"},"modified":"2023-02-08T17:52:29","modified_gmt":"2023-02-08T20:52:29","slug":"percentual-de-familias-endividadas-se-mantem-em-78","status":"publish","type":"post","link":"https:\/\/diarioregionaldigital.com.br\/?p=210093","title":{"rendered":"Percentual de fam\u00edlias endividadas se mant\u00e9m em 78%"},"content":{"rendered":"<p>A parcela de fam\u00edlias com d\u00edvidas &#8211; em atraso ou n\u00e3o &#8211; se manteve em 78% na passagem de dezembro de 2022 para janeiro deste ano. Em janeiro do ano passado, o percentual era de 76,1%.<img decoding=\"async\" src=\"https:\/\/agenciabrasil.ebc.com.br\/ebc.png?id=1509050&amp;o=node\" \/><img decoding=\"async\" src=\"https:\/\/agenciabrasil.ebc.com.br\/ebc.gif?id=1509050&amp;o=node\" \/><\/p>\n<p>Os dados s\u00e3o da Pesquisa de Endividamento e Inadimpl\u00eancia do Consumidor (Peic), divulgada hoje (8), no Rio de Janeiro, pela Confedera\u00e7\u00e3o Nacional do Com\u00e9rcio de Bens, Servi\u00e7os e Turismo (CNC).<\/p>\n<p>Entre aqueles que ganham at\u00e9 tr\u00eas sal\u00e1rios m\u00ednimos, os endividados s\u00e3o 79,2%. J\u00e1 aqueles que ganham mais de dez sal\u00e1rios s\u00e3o 74,4%.<\/p>\n<h2>Inadimpl\u00eancia<\/h2>\n<p>As fam\u00edlias com d\u00edvidas em atraso, as chamadas inadimplentes, somam 29,9% do total, abaixo dos 30% de dezembro, mas acima dos 26,4% de janeiro do ano passado.<\/p>\n<p>Entre aquelas com renda de at\u00e9 tr\u00eas sal\u00e1rios m\u00ednimos, 38,7% s\u00e3o inadimplentes. J\u00e1 entre os que ganham mais de dez sal\u00e1rios, a inadimpl\u00eancia atinge 13,5%.<\/p>\n<h2>Sem condi\u00e7\u00f5es de pagar<\/h2>\n<p>As fam\u00edlias que n\u00e3o ter\u00e3o condi\u00e7\u00f5es de pagar suas d\u00edvidas s\u00e3o 11,6%, percentual superior aos 11,3% de dezembro e aos 10,1% de janeiro de 2022.<\/p>\n<p>O problema atinge 17,4% daqueles que ganham at\u00e9 tr\u00eas sal\u00e1rios m\u00ednimos e 2,9% dos que ganham mais de dez sal\u00e1rios.<\/p>\n<p><span style=\"font-weight: 400;\">Fonte: Ag\u00eancia Brasil\u00a0<\/span><span style=\"font-weight: 400;\"><br \/>\n<\/span><\/p>\n","protected":false},"excerpt":{"rendered":"<p>A parcela de fam\u00edlias com d\u00edvidas &#8211; em atraso ou n\u00e3o &#8211; se manteve em 78% na passagem de dezembro de 2022 para janeiro deste ano. Em janeiro do ano passado, o percentual era de 76,1%. Os dados s\u00e3o da Pesquisa de Endividamento e Inadimpl\u00eancia do Consumidor (Peic), divulgada hoje (8), no Rio de Janeiro, [&hellip;]<\/p>\n","protected":false},"author":246,"featured_media":210094,"comment_status":"closed","ping_status":"closed","sticky":false,"template":"","format":"standard","meta":{"footnotes":""},"categories":[436,261,439],"tags":[],"class_list":["post-210093","post","type-post","status-publish","format-standard","has-post-thumbnail","hentry","category-destaque-da-semana","category-economia","category-ultima-hora"],"_links":{"self":[{"href":"https:\/\/diarioregionaldigital.com.br\/index.php?rest_route=\/wp\/v2\/posts\/210093","targetHints":{"allow":["GET"]}}],"collection":[{"href":"https:\/\/diarioregionaldigital.com.br\/index.php?rest_route=\/wp\/v2\/posts"}],"about":[{"href":"https:\/\/diarioregionaldigital.com.br\/index.php?rest_route=\/wp\/v2\/types\/post"}],"author":[{"embeddable":true,"href":"https:\/\/diarioregionaldigital.com.br\/index.php?rest_route=\/wp\/v2\/users\/246"}],"replies":[{"embeddable":true,"href":"https:\/\/diarioregionaldigital.com.br\/index.php?rest_route=%2Fwp%2Fv2%2Fcomments&post=210093"}],"version-history":[{"count":1,"href":"https:\/\/diarioregionaldigital.com.br\/index.php?rest_route=\/wp\/v2\/posts\/210093\/revisions"}],"predecessor-version":[{"id":210095,"href":"https:\/\/diarioregionaldigital.com.br\/index.php?rest_route=\/wp\/v2\/posts\/210093\/revisions\/210095"}],"wp:featuredmedia":[{"embeddable":true,"href":"https:\/\/diarioregionaldigital.com.br\/index.php?rest_route=\/wp\/v2\/media\/210094"}],"wp:attachment":[{"href":"https:\/\/diarioregionaldigital.com.br\/index.php?rest_route=%2Fwp%2Fv2%2Fmedia&parent=210093"}],"wp:term":[{"taxonomy":"category","embeddable":true,"href":"https:\/\/diarioregionaldigital.com.br\/index.php?rest_route=%2Fwp%2Fv2%2Fcategories&post=210093"},{"taxonomy":"post_tag","embeddable":true,"href":"https:\/\/diarioregionaldigital.com.br\/index.php?rest_route=%2Fwp%2Fv2%2Ftags&post=210093"}],"curies":[{"name":"wp","href":"https:\/\/api.w.org\/{rel}","templated":true}]}}