{"id":210064,"date":"2023-02-07T19:03:39","date_gmt":"2023-02-07T22:03:39","guid":{"rendered":"https:\/\/diarioregionaldigital.com.br\/?p=210064"},"modified":"2023-02-07T19:03:39","modified_gmt":"2023-02-07T22:03:39","slug":"daniel-cargnin-conquista-a-medalha-de-prata-no-grand-slam-de-paris","status":"publish","type":"post","link":"https:\/\/diarioregionaldigital.com.br\/?p=210064","title":{"rendered":"Daniel Cargnin conquista a medalha de prata no Grand Slam de Paris"},"content":{"rendered":"<p>O jud\u00f4 brasileiro voltou a subir ao p\u00f3dio do tradicional Grand Slam de Paris ap\u00f3s duas edi\u00e7\u00f5es seguidas em branco. No s\u00e1bado, 04.02, o brasileiro Daniel Cargnin conquistou a medalha de prata na categoria leve masculina (73kg). Ele s\u00f3 caiu na final diante do georgiano Lasha Shavdatuashvili, atual n\u00famero um do mundo nesse peso.<\/p>\n<p>O restrospecto do confronto era positivo para Daniel, que vinha de duas vit\u00f3rias sobre Shavdatuashvili. Uma no Mundial e outra no World Masters, as duas principais competi\u00e7\u00f5es de 2022 nas quais o brasileiro conquistou bronze e ouro, respectivamente.<\/p>\n<div class=\"\">\n<div id=\"content\">\n<article>\n<div id=\"content-core\">\n<div id=\"parent-fieldname-text\" class=\"\">\n<div>\n<p>Dessa vez, contudo, o georgiano fez o dever de casa, corrigiu os pr\u00f3prios erros e surpreendeu Daniel com um golpe r\u00e1pido projetando Cargnin de costas no ch\u00e3o para finalizar a luta em ippon. \u201cFoi dif\u00edcil ali no momento o que aconteceu, mas o esporte \u00e9 assim. Acho que vou aprender com isso. Foi um atleta com quem eu j\u00e1 tinha lutado em dezembro e tinha vencido. Hoje, perdi e confesso que n\u00e3o esperava ser assim do jeito que foi\u201d.<\/p>\n<p>A prata em Paris \u00e9 mais um grande resultado de Daniel desde que subiu do 66kg para o 73kg. Coroa uma sequ\u00eancia de cinco competi\u00e7\u00f5es seguidas no p\u00f3dio: bronze no Grand Prix de Zagreb, Bronze no Mundial, ouro no Open de Cordoba, ouro no World Masters e, agora, prata no Grand Slam de Paris. Resultados que catapultaram Daniel para a quarta posi\u00e7\u00e3o do ranking, construindo sua classifica\u00e7\u00e3o para os Jogos Ol\u00edmpicos.<\/p>\n<p>\u201cSair daqui com uma prata \u00e9 muito importante para o meu processo rumo a Paris 2024. Daqui em diante \u00e9 continuar trabalhando. N\u00e3o \u00e9 com a vit\u00f3ria que est\u00e1 tudo certo e n\u00e3o \u00e9 com a derrota que est\u00e1 tudo errado\u201d, ponderou, depois de sua primeira derrota ap\u00f3s uma s\u00e9rie de 15 lutas vencidas no Circuito Mundial.<\/p>\n<p><strong>Bronze escapa de Larissa<\/strong><\/p>\n<p>Outro resultado positivo da sele\u00e7\u00e3o neste s\u00e1bado veio com Larissa Pimenta, no meio-leve feminino (52kg). Nas preliminares, ela bateu Jennifer Etienne, do Haiti, e superou uma das favoritas da casa, a francesa Astride Gneto, nas quartas-de final. Na semifinal, contudo, Larissa caiu no estrangulamento aplicado pela h\u00fangara Reka Papp e foi para a disputa de bronze.<\/p>\n<p>Na luta pela medalha, a estrat\u00e9gia da brasileira estava melhor do que a da israelense Gefen Primo. Mas, em uma tentativa de golpe, uma das m\u00e3os de Larissa escapou do judogi da advers\u00e1ria e ela acabou entrando de maneira irregular, o que foi entendido pela arbitragem como gesto perigoso e causou a desclassifica\u00e7\u00e3o de Pimenta da luta.<\/p>\n<p>\u201cSenti espa\u00e7o, vi uma oportunidade para colocar o golpe, mas foi de uma maneira ilegal e acabei tomando o hansokumake (desclassifica\u00e7\u00e3o). Mas fa\u00e7o uma leitura positiva da competi\u00e7\u00e3o. Nos anos anteriores, eu n\u00e3o consegui estar aqui nesse Grand Slam e estar aqui antes dos Jogos Ol\u00edmpicos me traz uma mem\u00f3ria e uma sensa\u00e7\u00e3o positiva\u201d, disse Pimenta, a melhor ranqueada do Brasil no 52kg, que busca a segunda participa\u00e7\u00e3o em Jogos Ol\u00edmpicos depois de estrear em T\u00f3quio.<\/p>\n<p>O pa\u00eds ainda teve um s\u00e9timo lugar de Ketleyn Quadros no meio-m\u00e9dio feminino (63kg) e outros dez judocas que n\u00e3o conseguiram avan\u00e7ar \u00e0s disputas por medalhas: Matheus Takaki (60kg), Phelipe Pelim (66kg), Eric Takabatake (66kg), Michael Marcelino (73kg), Amanda Lima (48kg), Natasha Ferreira (48kg), Thayn\u00e1 Lemos (52kg), J\u00e9ssica Pereira (57kg), Gabriella Mantena (63kg) e Rafaela Silva (57kg). Rafa e Mantena vinham de bons resultados em Portugal com medalhas de prata naquele Grand Prix, mas n\u00e3o conseguiram repetir o desempenho em Paris.<\/p>\n<p><strong>Fonte: Confedera\u00e7\u00e3o Brasileira de Jud\u00f4<\/strong><\/p>\n<\/div>\n<\/div>\n<\/div>\n<div class=\"visualClear\"><\/div>\n<div class=\"documentActions\"><\/div>\n<\/article>\n<\/div>\n<\/div>\n<div id=\"viewlet-below-content\">\n<div class=\"horizontal\">\n<div class=\"sociallike-network-facebook\">\n<div class=\"fb-share-button fb_iframe_widget\" data-layout=\"button_count\" data-href=\"http:\/\/rededoesporte.gov.br\/pt-br\/noticias\/daniel-cargnin-conquista-a-prata-no-grand-slam-de-paris\"><\/div>\n<\/div>\n<\/div>\n<\/div>\n","protected":false},"excerpt":{"rendered":"<p>O jud\u00f4 brasileiro voltou a subir ao p\u00f3dio do tradicional Grand Slam de Paris ap\u00f3s duas edi\u00e7\u00f5es seguidas em branco. No s\u00e1bado, 04.02, o brasileiro Daniel Cargnin conquistou a medalha de prata na categoria leve masculina (73kg). Ele s\u00f3 caiu na final diante do georgiano Lasha Shavdatuashvili, atual n\u00famero um do mundo nesse peso. O [&hellip;]<\/p>\n","protected":false},"author":246,"featured_media":210065,"comment_status":"closed","ping_status":"closed","sticky":false,"template":"","format":"standard","meta":{"footnotes":""},"categories":[436,257,439],"tags":[],"class_list":["post-210064","post","type-post","status-publish","format-standard","has-post-thumbnail","hentry","category-destaque-da-semana","category-esporte","category-ultima-hora"],"_links":{"self":[{"href":"https:\/\/diarioregionaldigital.com.br\/index.php?rest_route=\/wp\/v2\/posts\/210064","targetHints":{"allow":["GET"]}}],"collection":[{"href":"https:\/\/diarioregionaldigital.com.br\/index.php?rest_route=\/wp\/v2\/posts"}],"about":[{"href":"https:\/\/diarioregionaldigital.com.br\/index.php?rest_route=\/wp\/v2\/types\/post"}],"author":[{"embeddable":true,"href":"https:\/\/diarioregionaldigital.com.br\/index.php?rest_route=\/wp\/v2\/users\/246"}],"replies":[{"embeddable":true,"href":"https:\/\/diarioregionaldigital.com.br\/index.php?rest_route=%2Fwp%2Fv2%2Fcomments&post=210064"}],"version-history":[{"count":1,"href":"https:\/\/diarioregionaldigital.com.br\/index.php?rest_route=\/wp\/v2\/posts\/210064\/revisions"}],"predecessor-version":[{"id":210066,"href":"https:\/\/diarioregionaldigital.com.br\/index.php?rest_route=\/wp\/v2\/posts\/210064\/revisions\/210066"}],"wp:featuredmedia":[{"embeddable":true,"href":"https:\/\/diarioregionaldigital.com.br\/index.php?rest_route=\/wp\/v2\/media\/210065"}],"wp:attachment":[{"href":"https:\/\/diarioregionaldigital.com.br\/index.php?rest_route=%2Fwp%2Fv2%2Fmedia&parent=210064"}],"wp:term":[{"taxonomy":"category","embeddable":true,"href":"https:\/\/diarioregionaldigital.com.br\/index.php?rest_route=%2Fwp%2Fv2%2Fcategories&post=210064"},{"taxonomy":"post_tag","embeddable":true,"href":"https:\/\/diarioregionaldigital.com.br\/index.php?rest_route=%2Fwp%2Fv2%2Ftags&post=210064"}],"curies":[{"name":"wp","href":"https:\/\/api.w.org\/{rel}","templated":true}]}}