{"id":210061,"date":"2023-02-07T19:01:48","date_gmt":"2023-02-07T22:01:48","guid":{"rendered":"https:\/\/diarioregionaldigital.com.br\/?p=210061"},"modified":"2023-02-07T19:01:48","modified_gmt":"2023-02-07T22:01:48","slug":"depois-de-nove-meses-lesionada-ellen-froner-fatura-o-bronze-no-grand-slam-de-paris","status":"publish","type":"post","link":"https:\/\/diarioregionaldigital.com.br\/?p=210061","title":{"rendered":"Depois de nove meses lesionada, Ellen Froner fatura o bronze no Grand Slam de Paris"},"content":{"rendered":"<p>A brasileira Ellen Froner brilhou neste domingo, 05.02, na disputa do Grand Slam de Jud\u00f4 de Paris, na Fran\u00e7a, e conquistou uma medalha de bronze nessa que \u00e9 considerada uma das competi\u00e7\u00f5es mais dif\u00edceis do Circuito Mundial IJF. O Brasil fechou o evento com duas medalhas: a prata conquistada por Daniel Cargnin, no s\u00e1bado, e o bronze de Ellen, al\u00e9m de um quinto lugar de Larissa Pimenta (52kg) e de um s\u00e9timo lugar de Ketleyn Quadros (63kg).<\/p>\n<p>Em 2022, Ellen ficou nove meses se recuperando de uma cirurgia de ligamento colateral anterior no joelho e, praticamente, perdeu a temporada. Voltou a competir em dezembro e n\u00e3o conseguiu vencer a Seletiva Nacional. Mas, como cumpria os crit\u00e9rios da CBJ para fazer ades\u00e3o, investiu no Grand Prix de Portugal e no Grand Slam de Paris, suas primeiras competi\u00e7\u00f5es internacionais depois da cirurgia. Em Portugal, bateu na trave, mas chegou \u00e0 repescagem. Uma semana depois, a medalha veio em Paris, na categoria at\u00e9 70kg.<\/p>\n<p>\u201cEu estou retornando de uma cirurgia s\u00e9ria. Fiquei nove meses afastada. Voltei na competi\u00e7\u00e3o mais dif\u00edcil do Brasil, que \u00e9 a Seletiva Ol\u00edmpica, e tive a oportunidade de estar aqui. Ent\u00e3o, acredito que hoje foi o resultado de nove meses acreditando\u201d, afirmou Ellen, ao sair do tatame com a vit\u00f3ria sobre a grega Elisavet Teltsidou, na disputa pelo bronze.<\/p>\n<blockquote class=\"pullquote\"><p>\u201cEu estou retornando de uma cirurgia s\u00e9ria. Fiquei nove meses afastada. Voltei na competi\u00e7\u00e3o mais dif\u00edcil do Brasil, que \u00e9 a Seletiva Ol\u00edmpica, e tive a oportunidade de estar aqui. Ent\u00e3o, acredito que hoje foi o resultado de nove meses acreditando\u201d<\/p><\/blockquote>\n<blockquote class=\"pullquote\"><p><em>Ellen Froner<\/em><\/p><\/blockquote>\n<p>Antes disso, ela havia vencido Aoife Coughlan, da Austr\u00e1lia, sua algoz em Portugal na semana anterior, e ainda jogou a holandesa Kim Polling, ex-n\u00famero um do mundo, nas quartas-de-final.<\/p>\n<p>Na semifinal, Ellen encarou a estrela da casa, a francesa Marie-\u00c8ve Gahi\u00e9, em combate equilibrado decidido no Golden Score a favor da francesa, n\u00famero cinco do mundo. Com a derrota, a brasileira precisou reunir for\u00e7as para voltar ao tatame e enfrentar Teltsidou, medalhista de bronze no Grand Slam de T\u00f3quio em 2022.<\/p>\n<p>Ellen abriu um waza-ari de vantagem nos primeiros vinte segundos de combate, mas sofreu o empate e precisou ser estrat\u00e9gica para levar a vit\u00f3ria nas puni\u00e7\u00f5es, encaixando uma s\u00e9rie de ataques que fizeram a grega ser punida tr\u00eas vezes.<\/p>\n<p>\u201cEla \u00e9 uma advers\u00e1ria que j\u00e1 conhe\u00e7o, sabia que ela viria fazendo muita for\u00e7a. Ent\u00e3o, preparei bem a t\u00e1tica com a Sensei Andrea Berti e deu certo\u201d, resumiu.<\/p>\n<p>Al\u00e9m do bronze em Paris, ela tem tamb\u00e9m outro bronze no Grand Slam de Dusseldorf de 2019, seus principais resultados na carreira, aos 24 anos. Os 500 pontos que a medalha de bronze d\u00e3o no ranking mundial devem ajudar Ellen a subir algumas posi\u00e7\u00f5es. Ela \u00e9 atual n\u00famero 40.<\/p>\n<p>Outros dez brasileiros lutaram neste domingo, mas n\u00e3o avan\u00e7aram em suas chaves. A sele\u00e7\u00e3o permanecer\u00e1 na Fran\u00e7a para treinamento de campo internacional em Paris at\u00e9 a pr\u00f3xima quarta, 08.02. Em seguida, a equipe se concentrar\u00e1 em Sainte-Genevieve d\u00eas Bois, nos arredores de Paris, para finalizar a prepara\u00e7\u00e3o para o Grand Slam de Tel Aviv, que ser\u00e1 entre os dias 16 e 18 de fevereiro, em Israel.<\/p>\n<p><strong>Fonte: Confedera\u00e7\u00e3o Brasileira de Jud\u00f4<\/strong><\/p>\n","protected":false},"excerpt":{"rendered":"<p>A brasileira Ellen Froner brilhou neste domingo, 05.02, na disputa do Grand Slam de Jud\u00f4 de Paris, na Fran\u00e7a, e conquistou uma medalha de bronze nessa que \u00e9 considerada uma das competi\u00e7\u00f5es mais dif\u00edceis do Circuito Mundial IJF. O Brasil fechou o evento com duas medalhas: a prata conquistada por Daniel Cargnin, no s\u00e1bado, e [&hellip;]<\/p>\n","protected":false},"author":246,"featured_media":210062,"comment_status":"closed","ping_status":"closed","sticky":false,"template":"","format":"standard","meta":{"footnotes":""},"categories":[436,257,439],"tags":[],"class_list":["post-210061","post","type-post","status-publish","format-standard","has-post-thumbnail","hentry","category-destaque-da-semana","category-esporte","category-ultima-hora"],"_links":{"self":[{"href":"https:\/\/diarioregionaldigital.com.br\/index.php?rest_route=\/wp\/v2\/posts\/210061","targetHints":{"allow":["GET"]}}],"collection":[{"href":"https:\/\/diarioregionaldigital.com.br\/index.php?rest_route=\/wp\/v2\/posts"}],"about":[{"href":"https:\/\/diarioregionaldigital.com.br\/index.php?rest_route=\/wp\/v2\/types\/post"}],"author":[{"embeddable":true,"href":"https:\/\/diarioregionaldigital.com.br\/index.php?rest_route=\/wp\/v2\/users\/246"}],"replies":[{"embeddable":true,"href":"https:\/\/diarioregionaldigital.com.br\/index.php?rest_route=%2Fwp%2Fv2%2Fcomments&post=210061"}],"version-history":[{"count":1,"href":"https:\/\/diarioregionaldigital.com.br\/index.php?rest_route=\/wp\/v2\/posts\/210061\/revisions"}],"predecessor-version":[{"id":210063,"href":"https:\/\/diarioregionaldigital.com.br\/index.php?rest_route=\/wp\/v2\/posts\/210061\/revisions\/210063"}],"wp:featuredmedia":[{"embeddable":true,"href":"https:\/\/diarioregionaldigital.com.br\/index.php?rest_route=\/wp\/v2\/media\/210062"}],"wp:attachment":[{"href":"https:\/\/diarioregionaldigital.com.br\/index.php?rest_route=%2Fwp%2Fv2%2Fmedia&parent=210061"}],"wp:term":[{"taxonomy":"category","embeddable":true,"href":"https:\/\/diarioregionaldigital.com.br\/index.php?rest_route=%2Fwp%2Fv2%2Fcategories&post=210061"},{"taxonomy":"post_tag","embeddable":true,"href":"https:\/\/diarioregionaldigital.com.br\/index.php?rest_route=%2Fwp%2Fv2%2Ftags&post=210061"}],"curies":[{"name":"wp","href":"https:\/\/api.w.org\/{rel}","templated":true}]}}