{"id":210052,"date":"2023-02-07T18:48:13","date_gmt":"2023-02-07T21:48:13","guid":{"rendered":"https:\/\/diarioregionaldigital.com.br\/?p=210052"},"modified":"2023-02-07T18:48:13","modified_gmt":"2023-02-07T21:48:13","slug":"governo-recebe-mais-de-107-mil-e-mails-sobre-atos-do-8-de-janeiro","status":"publish","type":"post","link":"https:\/\/diarioregionaldigital.com.br\/?p=210052","title":{"rendered":"Governo recebe mais de 107 mil e-mails sobre atos do 8 de janeiro"},"content":{"rendered":"<p>O Minist\u00e9rio da Justi\u00e7a e Seguran\u00e7a P\u00fablica recebeu mais de 107 mil e-mails com den\u00fancias sobre os atos antidemocr\u00e1ticos de 8 de janeiro. De acordo com a Secretaria de Acesso \u00e0 Justi\u00e7a do minist\u00e9rio, das mais de 107 mil mensagens, foram analisadas 102.407 enviadas\u00a0por 27.457 denunciantes.<img decoding=\"async\" src=\"https:\/\/agenciabrasil.ebc.com.br\/ebc.png?id=1508601&amp;o=node\" \/><img decoding=\"async\" src=\"https:\/\/agenciabrasil.ebc.com.br\/ebc.gif?id=1508601&amp;o=node\" \/><\/p>\n<p>Nos e-mails, h\u00e1 nomes de suspeitos de participantes, organizadores e financiadores dos ataques. Autoridades, como deputados, governadores, prefeitos e vereadores, que teriam convocado os atos foram mencionadas em 7.003 mensagens.<\/p>\n<p>Conforme as den\u00fancias, o Pix foi uma das ferramentas mais usadas para angariar recursos para os atos. Ao menos 559 mensagens citaram o uso do Pix. \u201cO mapeamento \u00e9 interessante porque, por meio do Pix, \u00e9 poss\u00edvel chegar a uma pessoa que provavelmente estava na organiza\u00e7\u00e3o dos atos\u201d, explica o secret\u00e1rio de Acesso \u00e0 Justi\u00e7a, Marivaldo Pereira.<\/p>\n<p>Os dados coletados foram enviados para a Pol\u00edcia Federal, que investiga os atos golpistas. \u201cA gente n\u00e3o investiga. Quem investiga \u00e9 a Pol\u00edcia Federal, que \u00e9 muito eficiente nisso. Ela vai cruzar com outras bases de dados e fazer o trabalho de detalhamento das den\u00fancias\u201d. Na \u00faltima sexta-feira (3), a Pol\u00edcia Federal (PF) deflagrou\u00a0<a href=\"https:\/\/agenciabrasil.ebc.com.br\/geral\/noticia\/2023-02\/PF-cumpre-3-mandados-de-prisao-em-operacao-contra-atos-terroristas\" target=\"_blank\" rel=\"noopener\">a quarta fase da Opera\u00e7\u00e3o Lesa P\u00e1tria<\/a>, dando sequ\u00eancia \u00e0 identifica\u00e7\u00e3o de pessoas que participaram, financiaram ou fomentaram os atos golpistas.<\/p>\n<p>&nbsp;<\/p>\n<div class=\"dnd-widget-wrapper context-cheio_8colunas type-image atom-align-center\">\n<div class=\"dnd-atom-rendered\">\n<div class=\"shadow overflow-hidden rounded-lg d-block zoom-on-hover-sm shadow-hover w-100\"><img decoding=\"async\" class=\"flex-fill img-cover\" title=\"Minist\u00e9rio da Justi\u00e7a\" src=\"https:\/\/imagens.ebc.com.br\/VP8JsKPAoHu_fEEP3CWR9BtrS4o=\/754x0\/smart\/https:\/\/agenciabrasil.ebc.com.br\/sites\/default\/files\/thumbnails\/image\/balanco_denuncias_atos.png?itok=fH6RFX8E\" alt=\"Balan\u00e7o do Minist\u00e9rio da Justi\u00e7a sobre den\u00fancias recebidas a respeito dos atos de 8 de janeiro.\" \/><\/div>\n<\/div>\n<div class=\"dnd-caption-wrapper\">\n<h6 class=\"meta rtecenter\">Fonte: Minist\u00e9rio da Justi\u00e7a e Seguran\u00e7a P\u00fablica<\/h6>\n<\/div>\n<\/div>\n<p>A pr\u00f3xima fase do trabalho, conforme a secretaria do MJSP, ser\u00e1 a de identificar buscas mais relevantes; abrir anexos para identificar provas; organizar perfis denunciados para bloqueios; identificar CPFs, telefones, Pix e endere\u00e7os; e transcrever \u00e1udio e v\u00eddeo.<\/p>\n<p>Os e-mails com as den\u00fancias foram enviados para o endere\u00e7o eletr\u00f4nico denuncia@mj.gov.br, criado pela pasta em 9 de janeiro, um dia ap\u00f3s os atos que resultaram na depreda\u00e7\u00e3o do Pal\u00e1cio do Planalto, Congresso Nacional e do Supremo Tribunal Federal (STF).<\/p>\n<p><span style=\"font-weight: 400;\">Fonte: Ag\u00eancia Brasil <\/span><\/p>\n","protected":false},"excerpt":{"rendered":"<p>O Minist\u00e9rio da Justi\u00e7a e Seguran\u00e7a P\u00fablica recebeu mais de 107 mil e-mails com den\u00fancias sobre os atos antidemocr\u00e1ticos de 8 de janeiro. De acordo com a Secretaria de Acesso \u00e0 Justi\u00e7a do minist\u00e9rio, das mais de 107 mil mensagens, foram analisadas 102.407 enviadas\u00a0por 27.457 denunciantes. Nos e-mails, h\u00e1 nomes de suspeitos de participantes, organizadores [&hellip;]<\/p>\n","protected":false},"author":246,"featured_media":210053,"comment_status":"closed","ping_status":"closed","sticky":false,"template":"","format":"standard","meta":{"footnotes":""},"categories":[436,254,439],"tags":[],"class_list":["post-210052","post","type-post","status-publish","format-standard","has-post-thumbnail","hentry","category-destaque-da-semana","category-politica","category-ultima-hora"],"_links":{"self":[{"href":"https:\/\/diarioregionaldigital.com.br\/index.php?rest_route=\/wp\/v2\/posts\/210052","targetHints":{"allow":["GET"]}}],"collection":[{"href":"https:\/\/diarioregionaldigital.com.br\/index.php?rest_route=\/wp\/v2\/posts"}],"about":[{"href":"https:\/\/diarioregionaldigital.com.br\/index.php?rest_route=\/wp\/v2\/types\/post"}],"author":[{"embeddable":true,"href":"https:\/\/diarioregionaldigital.com.br\/index.php?rest_route=\/wp\/v2\/users\/246"}],"replies":[{"embeddable":true,"href":"https:\/\/diarioregionaldigital.com.br\/index.php?rest_route=%2Fwp%2Fv2%2Fcomments&post=210052"}],"version-history":[{"count":1,"href":"https:\/\/diarioregionaldigital.com.br\/index.php?rest_route=\/wp\/v2\/posts\/210052\/revisions"}],"predecessor-version":[{"id":210054,"href":"https:\/\/diarioregionaldigital.com.br\/index.php?rest_route=\/wp\/v2\/posts\/210052\/revisions\/210054"}],"wp:featuredmedia":[{"embeddable":true,"href":"https:\/\/diarioregionaldigital.com.br\/index.php?rest_route=\/wp\/v2\/media\/210053"}],"wp:attachment":[{"href":"https:\/\/diarioregionaldigital.com.br\/index.php?rest_route=%2Fwp%2Fv2%2Fmedia&parent=210052"}],"wp:term":[{"taxonomy":"category","embeddable":true,"href":"https:\/\/diarioregionaldigital.com.br\/index.php?rest_route=%2Fwp%2Fv2%2Fcategories&post=210052"},{"taxonomy":"post_tag","embeddable":true,"href":"https:\/\/diarioregionaldigital.com.br\/index.php?rest_route=%2Fwp%2Fv2%2Ftags&post=210052"}],"curies":[{"name":"wp","href":"https:\/\/api.w.org\/{rel}","templated":true}]}}