{"id":210049,"date":"2023-02-07T18:45:52","date_gmt":"2023-02-07T21:45:52","guid":{"rendered":"https:\/\/diarioregionaldigital.com.br\/?p=210049"},"modified":"2023-02-07T18:45:52","modified_gmt":"2023-02-07T21:45:52","slug":"justica-do-rio-mantem-prisao-de-acusados-da-morte-de-marielle","status":"publish","type":"post","link":"https:\/\/diarioregionaldigital.com.br\/?p=210049","title":{"rendered":"Justi\u00e7a do Rio mant\u00e9m pris\u00e3o de acusados da morte de Marielle"},"content":{"rendered":"<div class=\"post-item-wrap\">\n<p>A 4\u00aa Vara Criminal do Tribunal de Justi\u00e7a do Rio de Janeiro negou recurso da defesa e manteve as pris\u00f5es preventivas do sargento reformado da Pol\u00edcia Militar Ronnie Lessa e do ex-policial militar \u00c9lcio Queiroz, acusados da\u00a0<a href=\"https:\/\/agenciabrasil.ebc.com.br\/politica\/noticia\/2018-03\/vereadora-do-psol-e-assassinada-tiros-no-centro-do-rio\" target=\"_blank\" rel=\"noopener\">morte da vereadora Marielle Franco e do motorista Anderson Gomes<\/a>, em 14 de mar\u00e7o de 2018, no bairro do Est\u00e1cio, regi\u00e3o central da cidade.<\/p>\n<p>No carro tamb\u00e9m estava uma assessora de Marielle, que saiu ilesa, sem ser atingida por qualquer disparo. A vereadora foi atingida por quatro tiros na cabe\u00e7a e o motorista, por tr\u00eas. A arma usada no crime foi uma submetralhadora HK MP5 de fabrica\u00e7\u00e3o alem\u00e3.<img decoding=\"async\" src=\"https:\/\/agenciabrasil.ebc.com.br\/ebc.png?id=1508610&amp;o=node\" \/><img decoding=\"async\" src=\"https:\/\/agenciabrasil.ebc.com.br\/ebc.gif?id=1508610&amp;o=node\" \/><\/p>\n<p>O juiz Gustavo Gomes Kalil acolheu o pedido do Minist\u00e9rio P\u00fablico estadual, que se manifestou contra o pedido dos advogados de defesa de Ronnie Lessa e \u00c9lcio Queiroz, que alegavam excesso de prazo para marcar o julgamento. No entanto, o juiz entendeu que a demora se devia \u201caos sucessivos recursos contra a senten\u00e7a de pron\u00fancia\u201d.<\/p>\n<p>Em 20 de novembro do ano passado, o magistrado j\u00e1 tinha negado um pedido da defesa dos r\u00e9us pelo mesmo argumento, dizendo que os sucessivos recursos de defesa eram a causa da demora na conclus\u00e3o do processo.<\/p>\n<\/div>\n<p class=\"alt-font font-italic my-2 small text-info\"><span style=\"font-weight: 400;\">Fonte: Ag\u00eancia Brasil <\/span><\/p>\n","protected":false},"excerpt":{"rendered":"<p>A 4\u00aa Vara Criminal do Tribunal de Justi\u00e7a do Rio de Janeiro negou recurso da defesa e manteve as pris\u00f5es preventivas do sargento reformado da Pol\u00edcia Militar Ronnie Lessa e do ex-policial militar \u00c9lcio Queiroz, acusados da\u00a0morte da vereadora Marielle Franco e do motorista Anderson Gomes, em 14 de mar\u00e7o de 2018, no bairro do [&hellip;]<\/p>\n","protected":false},"author":246,"featured_media":210050,"comment_status":"closed","ping_status":"closed","sticky":false,"template":"","format":"standard","meta":{"footnotes":""},"categories":[436,254,439],"tags":[],"class_list":["post-210049","post","type-post","status-publish","format-standard","has-post-thumbnail","hentry","category-destaque-da-semana","category-politica","category-ultima-hora"],"_links":{"self":[{"href":"https:\/\/diarioregionaldigital.com.br\/index.php?rest_route=\/wp\/v2\/posts\/210049","targetHints":{"allow":["GET"]}}],"collection":[{"href":"https:\/\/diarioregionaldigital.com.br\/index.php?rest_route=\/wp\/v2\/posts"}],"about":[{"href":"https:\/\/diarioregionaldigital.com.br\/index.php?rest_route=\/wp\/v2\/types\/post"}],"author":[{"embeddable":true,"href":"https:\/\/diarioregionaldigital.com.br\/index.php?rest_route=\/wp\/v2\/users\/246"}],"replies":[{"embeddable":true,"href":"https:\/\/diarioregionaldigital.com.br\/index.php?rest_route=%2Fwp%2Fv2%2Fcomments&post=210049"}],"version-history":[{"count":1,"href":"https:\/\/diarioregionaldigital.com.br\/index.php?rest_route=\/wp\/v2\/posts\/210049\/revisions"}],"predecessor-version":[{"id":210051,"href":"https:\/\/diarioregionaldigital.com.br\/index.php?rest_route=\/wp\/v2\/posts\/210049\/revisions\/210051"}],"wp:featuredmedia":[{"embeddable":true,"href":"https:\/\/diarioregionaldigital.com.br\/index.php?rest_route=\/wp\/v2\/media\/210050"}],"wp:attachment":[{"href":"https:\/\/diarioregionaldigital.com.br\/index.php?rest_route=%2Fwp%2Fv2%2Fmedia&parent=210049"}],"wp:term":[{"taxonomy":"category","embeddable":true,"href":"https:\/\/diarioregionaldigital.com.br\/index.php?rest_route=%2Fwp%2Fv2%2Fcategories&post=210049"},{"taxonomy":"post_tag","embeddable":true,"href":"https:\/\/diarioregionaldigital.com.br\/index.php?rest_route=%2Fwp%2Fv2%2Ftags&post=210049"}],"curies":[{"name":"wp","href":"https:\/\/api.w.org\/{rel}","templated":true}]}}