{"id":210034,"date":"2023-02-07T18:32:38","date_gmt":"2023-02-07T21:32:38","guid":{"rendered":"https:\/\/diarioregionaldigital.com.br\/?p=210034"},"modified":"2023-02-07T18:32:38","modified_gmt":"2023-02-07T21:32:38","slug":"governo-e-caixa-firmam-protocolo-para-atendimento-dos-povos-indigenas","status":"publish","type":"post","link":"https:\/\/diarioregionaldigital.com.br\/?p=210034","title":{"rendered":"Governo e Caixa firmam protocolo para atendimento dos povos ind\u00edgenas"},"content":{"rendered":"<p>O Minist\u00e9rio do Desenvolvimento e Assist\u00eancia Social, Fam\u00edlia e Combate \u00e0 Fome e a Caixa Econ\u00f4mica Federal assinaram hoje (7), em Bras\u00edlia, protocolo de inten\u00e7\u00f5es para atendimento especializado aos povos ind\u00edgenas dos estados do Amazonas e Roraima.<img decoding=\"async\" src=\"https:\/\/agenciabrasil.ebc.com.br\/ebc.png?id=1508818&amp;o=node\" \/><img decoding=\"async\" src=\"https:\/\/agenciabrasil.ebc.com.br\/ebc.gif?id=1508818&amp;o=node\" \/><\/p>\n<p>O objetivo \u00e9 beneficiar fam\u00edlias ind\u00edgenas de regi\u00f5es remotas, com inclus\u00e3o financeira e acolhimento e orienta\u00e7\u00e3o para recebimento do Bolsa Fam\u00edlia e de outras a\u00e7\u00f5es do governo em parceria com banco p\u00fablico.<\/p>\n<p>A Caixa far\u00e1 parceria com os Centros de Refer\u00eancia de Assist\u00eancia Social (CRAS), prefeituras e outras entidades locais para um atendimento mais pr\u00f3ximo a essas comunidades. Em algumas localidades, o banco prev\u00ea a abertura de unidades lot\u00e9ricas e ag\u00eancias banc\u00e1rias, al\u00e9m da expans\u00e3o do atendimento remoto.<\/p>\n<p>O ministro do Desenvolvimento e Assist\u00eancia Social, Fam\u00edlia e Combate \u00e0 Fome, Wellington Dias, disse que o governo quer fazer investimentos em comunica\u00e7\u00e3o e internet, via sat\u00e9lite ou torres com energia solar para viabilizar mais pontos de atendimento. Segundo ele, tamb\u00e9m \u00e9 inten\u00e7\u00e3o montar um ponto de atendimento da Caixa na regi\u00e3o do Surucucu, mais perto de comunidades yanomami, que atualmente vivem uma crise humanit\u00e1ria.<\/p>\n<h2>Avi\u00f5es<\/h2>\n<p>A base a\u00e9rea no Surucucu vai ser reestruturada para que possa receber avi\u00f5es de maior porte. A medida vai possibilitar levar a infraestrutura para atendimentos diversos \u00e0 popula\u00e7\u00e3o.<\/p>\n<p>Em Roraima, as a\u00e7\u00f5es da Caixa come\u00e7am nesta quinta-feira (9), com a chegada do Caminh\u00e3o Caixa em Bonfim (RR). Ele fica na cidade at\u00e9 24 de fevereiro. A unidade m\u00f3vel, que presta os mesmos servi\u00e7os de uma ag\u00eancia, passar\u00e1 por outras tr\u00eas cidades at\u00e9 abril, sendo mantidas rotas peri\u00f3dicas nestes munic\u00edpios. S\u00e3o elas: Normandia, de 27\/02 a 10\/03; Amajari, de 13\/03 a 24\/03; e Mucaja\u00ed, de 27\/03 a 06\/04.<\/p>\n<p>De acordo com a Caixa, em Roraima as a\u00e7\u00f5es contemplam 10 mil fam\u00edlias ind\u00edgenas em sete munic\u00edpios. Bonfim, al\u00e9m de ser rota do caminh\u00e3o, ser\u00e1 sede de uma nova ag\u00eancia.<\/p>\n<p>J\u00e1 no Amazonas, a iniciativa contempla 20 mil fam\u00edlias ind\u00edgenas em oito munic\u00edpios. S\u00e3o Gabriel da Cachoeira ter\u00e1 nova unidade lot\u00e9rica e receber\u00e1 uma nova ag\u00eancia da Caixa. Santo Ant\u00f4nio do I\u00e7\u00e1, Amatur\u00e1, Santa Isabel do Rio Negro, Tocantins e Eirunep\u00e9 contar\u00e3o com visitas peri\u00f3dicas de empregados da Caixa para atendimento especializado.<\/p>\n<p>Segundo a presidenta da Caixa, Rita Serrano, ser\u00e3o entregues 50 mil cart\u00f5es de d\u00e9bito da Caixa para a popula\u00e7\u00e3o da regi\u00e3o, de forma emergencial. Posteriormente, esses cart\u00f5es ser\u00e3o substitu\u00eddos pelos cart\u00f5es do Bolsa Fam\u00edlia, que deixar\u00e3o de ser apenas cart\u00f5es de saque e passar\u00e3o a ser cart\u00f5es de pagamento, com a fun\u00e7\u00e3o d\u00e9bito.<\/p>\n<p>Os an\u00fancios aconteceram durante a reuni\u00e3o de gestores da rede de atendimento da Caixa, nesta ter\u00e7a-feira, em Bras\u00edlia. O presidente Luiz In\u00e1cio Lula da Silva era esperado no evento, mas n\u00e3o compareceu por incompatibilidade de agenda. Ele foi representado pelo ministro da Casa Civil, Rui Costa.<\/p>\n<h2>Minha Casa, Minha Vida<\/h2>\n<p>Durante seu discurso, Costa contou que, na pr\u00f3xima ter\u00e7a-feira (14), o presidente Lula far\u00e1 o relan\u00e7amento do Programa Minha Casa, Minha Vida, com prioridade para o atendimento de fam\u00edlias da faixa 1, com renda familiar mais baixa.<\/p>\n<p>Segundo o ministro, h\u00e1 120 mil resid\u00eancias dessa faixa que est\u00e3o com as obras avan\u00e7adas, mas paradas. O objetivo do governo \u00e9 retomar essas obras e entregar 80% dessas unidades ainda no primeiro semestre de 2023.<\/p>\n<p>A Caixa tamb\u00e9m criou um grupo de trabalho com foco no retorno do programa de moradia. O Minha Casa, Minha Vida usa recursos do Fundo de Garantia do Tempo de Servi\u00e7o (FGTS), que \u00e9 administrado pela Caixa.<\/p>\n<p>Em conjunto com o Minist\u00e9rio do Desenvolvimento, o banco ainda trabalha na revis\u00e3o dos inscritos no Cadastro \u00danico, que \u00e9 o registro de fam\u00edlias para inclus\u00e3o em programas sociais do governo federal. Segundo o ministro Wellington Dias, o governo trabalha na edi\u00e7\u00e3o de uma medida provis\u00f3ria que vai estabelecer as diretrizes do novo Bolsa Fam\u00edlia.<\/p>\n<p>Por fim, ainda em fevereiro, ser\u00e3o criadas as Salas das Cidades e Estados nas superintend\u00eancias regionais da Caixa em 13 capitais brasileiras. Os espa\u00e7os exclusivos s\u00e3o dedicados ao atendimento de gestores p\u00fablicos e contam com corpo t\u00e9cnico especializado para prestar assessoramento institucional e negocial aos prefeitos e governadores.<\/p>\n<h2>Renegocia\u00e7\u00e3o de d\u00edvidas<\/h2>\n<p>O ministro da Fazenda, Fernando Haddad, tamb\u00e9m esteve no evento na Caixa e disse que, em breve, o governo deve lan\u00e7ar o Desenrola, programa voltado para a renegocia\u00e7\u00e3o de pequenas d\u00edvidas. Segundo ele, cerca de 70 milh\u00f5es de pessoas est\u00e3o com o nome negativado em \u00f3rg\u00e3os de controle de cr\u00e9dito, sendo que 50 milh\u00f5es ganham at\u00e9 dois sal\u00e1rios m\u00ednimos.<\/p>\n<p>\u201cSe voc\u00ea n\u00e3o desatar esse n\u00f3 desse alto endividamento no per\u00edodo p\u00f3s pandemia, voc\u00ea n\u00e3o vai reestruturar a vida dessas fam\u00edlias. Podemos estar falando de 100 milh\u00f5es de brasileiros, porque podemos estar dialogando com fam\u00edlias de quatro, cinco pessoas\u201d, disse ele.<\/p>\n<p>O programa ainda n\u00e3o est\u00e1 pronto, mas j\u00e1 havia sido anunciado pelo ministro e ser\u00e1 feito em parceria com a Federa\u00e7\u00e3o Brasileira de Bancos (Febraban).<\/p>\n<p><span style=\"font-weight: 400;\"><br \/>\n<\/span><span style=\"font-weight: 400;\">Fonte: Ag\u00eancia Brasil <\/span><\/p>\n","protected":false},"excerpt":{"rendered":"<p>O Minist\u00e9rio do Desenvolvimento e Assist\u00eancia Social, Fam\u00edlia e Combate \u00e0 Fome e a Caixa Econ\u00f4mica Federal assinaram hoje (7), em Bras\u00edlia, protocolo de inten\u00e7\u00f5es para atendimento especializado aos povos ind\u00edgenas dos estados do Amazonas e Roraima. O objetivo \u00e9 beneficiar fam\u00edlias ind\u00edgenas de regi\u00f5es remotas, com inclus\u00e3o financeira e acolhimento e orienta\u00e7\u00e3o para recebimento [&hellip;]<\/p>\n","protected":false},"author":246,"featured_media":210035,"comment_status":"closed","ping_status":"closed","sticky":false,"template":"","format":"standard","meta":{"footnotes":""},"categories":[436,261,439],"tags":[],"class_list":["post-210034","post","type-post","status-publish","format-standard","has-post-thumbnail","hentry","category-destaque-da-semana","category-economia","category-ultima-hora"],"_links":{"self":[{"href":"https:\/\/diarioregionaldigital.com.br\/index.php?rest_route=\/wp\/v2\/posts\/210034","targetHints":{"allow":["GET"]}}],"collection":[{"href":"https:\/\/diarioregionaldigital.com.br\/index.php?rest_route=\/wp\/v2\/posts"}],"about":[{"href":"https:\/\/diarioregionaldigital.com.br\/index.php?rest_route=\/wp\/v2\/types\/post"}],"author":[{"embeddable":true,"href":"https:\/\/diarioregionaldigital.com.br\/index.php?rest_route=\/wp\/v2\/users\/246"}],"replies":[{"embeddable":true,"href":"https:\/\/diarioregionaldigital.com.br\/index.php?rest_route=%2Fwp%2Fv2%2Fcomments&post=210034"}],"version-history":[{"count":1,"href":"https:\/\/diarioregionaldigital.com.br\/index.php?rest_route=\/wp\/v2\/posts\/210034\/revisions"}],"predecessor-version":[{"id":210036,"href":"https:\/\/diarioregionaldigital.com.br\/index.php?rest_route=\/wp\/v2\/posts\/210034\/revisions\/210036"}],"wp:featuredmedia":[{"embeddable":true,"href":"https:\/\/diarioregionaldigital.com.br\/index.php?rest_route=\/wp\/v2\/media\/210035"}],"wp:attachment":[{"href":"https:\/\/diarioregionaldigital.com.br\/index.php?rest_route=%2Fwp%2Fv2%2Fmedia&parent=210034"}],"wp:term":[{"taxonomy":"category","embeddable":true,"href":"https:\/\/diarioregionaldigital.com.br\/index.php?rest_route=%2Fwp%2Fv2%2Fcategories&post=210034"},{"taxonomy":"post_tag","embeddable":true,"href":"https:\/\/diarioregionaldigital.com.br\/index.php?rest_route=%2Fwp%2Fv2%2Ftags&post=210034"}],"curies":[{"name":"wp","href":"https:\/\/api.w.org\/{rel}","templated":true}]}}