{"id":210005,"date":"2023-02-06T22:17:22","date_gmt":"2023-02-07T01:17:22","guid":{"rendered":"https:\/\/diarioregionaldigital.com.br\/?p=210005"},"modified":"2023-02-06T22:17:22","modified_gmt":"2023-02-07T01:17:22","slug":"copa-do-nordeste-csa-bate-vitoria-e-assume-lideranca-do-grupo-b","status":"publish","type":"post","link":"https:\/\/diarioregionaldigital.com.br\/?p=210005","title":{"rendered":"Copa do Nordeste: CSA bate Vit\u00f3ria e assume lideran\u00e7a do Grupo B"},"content":{"rendered":"<p>Jogando no est\u00e1dio Rei Pel\u00e9, em Macei\u00f3, o CSA superou o Vit\u00f3ria por 3 a 1 neste domingo (5) para assumir a lideran\u00e7a do Grupo B da Copa do Nordeste com quatro pontos conquistados em duas partidas.<img decoding=\"async\" src=\"https:\/\/agenciabrasil.ebc.com.br\/ebc.png?id=1508404&amp;o=node\" \/><img decoding=\"async\" src=\"https:\/\/agenciabrasil.ebc.com.br\/ebc.gif?id=1508404&amp;o=node\" \/><\/p>\n<p>A vit\u00f3ria foi constru\u00edda com gols do lateral Par\u00e1, em cobran\u00e7a de p\u00eanalti aos quatro minutos do primeiro tempo, do atacante Robinho oito minutos depois e de Rodriguinho aos 24 da etapa final. O Rubro-Negro da Bahia marcou o gol de honra com L\u00e9o Gamalho.<\/p>\n<h2>Goleada no Batist\u00e3o<\/h2>\n<p>Outra equipe a triunfar neste domingo na competi\u00e7\u00e3o foi o Sergipe, que goleou o Atl\u00e9tico de Alagoinhas para terminar a rodada na 3\u00aa posi\u00e7\u00e3o do Grupo B com tr\u00eas pontos. O Gip\u00e3o triunfou gra\u00e7as a gols de Igor Bahia, Andr\u00e9 Penalva, Afonso e Diego Arag\u00e3o.<\/p>\n<h2>Triunfo do Le\u00e3o<\/h2>\n<p>Na terceira partida pela competi\u00e7\u00e3o deste domingo o Sport foi at\u00e9 o Amig\u00e3o, em Campina Grande, para bater o Campinense por 2 a 0 (gols de Jorginho e Sabino) e assumir a lideran\u00e7a do Grupo A com seis pontos.<\/p>\n<p><span style=\"font-weight: 400;\"><br \/>\n<\/span><span style=\"font-weight: 400;\">Fonte: Ag\u00eancia Brasil\u00a0<\/span><span style=\"font-weight: 400;\"><br \/>\n<\/span><\/p>\n","protected":false},"excerpt":{"rendered":"<p>Jogando no est\u00e1dio Rei Pel\u00e9, em Macei\u00f3, o CSA superou o Vit\u00f3ria por 3 a 1 neste domingo (5) para assumir a lideran\u00e7a do Grupo B da Copa do Nordeste com quatro pontos conquistados em duas partidas. A vit\u00f3ria foi constru\u00edda com gols do lateral Par\u00e1, em cobran\u00e7a de p\u00eanalti aos quatro minutos do primeiro [&hellip;]<\/p>\n","protected":false},"author":246,"featured_media":210006,"comment_status":"closed","ping_status":"closed","sticky":false,"template":"","format":"standard","meta":{"footnotes":""},"categories":[436,257,439],"tags":[],"class_list":["post-210005","post","type-post","status-publish","format-standard","has-post-thumbnail","hentry","category-destaque-da-semana","category-esporte","category-ultima-hora"],"_links":{"self":[{"href":"https:\/\/diarioregionaldigital.com.br\/index.php?rest_route=\/wp\/v2\/posts\/210005","targetHints":{"allow":["GET"]}}],"collection":[{"href":"https:\/\/diarioregionaldigital.com.br\/index.php?rest_route=\/wp\/v2\/posts"}],"about":[{"href":"https:\/\/diarioregionaldigital.com.br\/index.php?rest_route=\/wp\/v2\/types\/post"}],"author":[{"embeddable":true,"href":"https:\/\/diarioregionaldigital.com.br\/index.php?rest_route=\/wp\/v2\/users\/246"}],"replies":[{"embeddable":true,"href":"https:\/\/diarioregionaldigital.com.br\/index.php?rest_route=%2Fwp%2Fv2%2Fcomments&post=210005"}],"version-history":[{"count":1,"href":"https:\/\/diarioregionaldigital.com.br\/index.php?rest_route=\/wp\/v2\/posts\/210005\/revisions"}],"predecessor-version":[{"id":210007,"href":"https:\/\/diarioregionaldigital.com.br\/index.php?rest_route=\/wp\/v2\/posts\/210005\/revisions\/210007"}],"wp:featuredmedia":[{"embeddable":true,"href":"https:\/\/diarioregionaldigital.com.br\/index.php?rest_route=\/wp\/v2\/media\/210006"}],"wp:attachment":[{"href":"https:\/\/diarioregionaldigital.com.br\/index.php?rest_route=%2Fwp%2Fv2%2Fmedia&parent=210005"}],"wp:term":[{"taxonomy":"category","embeddable":true,"href":"https:\/\/diarioregionaldigital.com.br\/index.php?rest_route=%2Fwp%2Fv2%2Fcategories&post=210005"},{"taxonomy":"post_tag","embeddable":true,"href":"https:\/\/diarioregionaldigital.com.br\/index.php?rest_route=%2Fwp%2Fv2%2Ftags&post=210005"}],"curies":[{"name":"wp","href":"https:\/\/api.w.org\/{rel}","templated":true}]}}