{"id":210002,"date":"2023-02-06T22:15:24","date_gmt":"2023-02-07T01:15:24","guid":{"rendered":"https:\/\/diarioregionaldigital.com.br\/?p=210002"},"modified":"2023-02-06T22:15:24","modified_gmt":"2023-02-07T01:15:24","slug":"com-gols-de-roger-guedes-e-adson-corinthians-vence-o-botafogo-sp","status":"publish","type":"post","link":"https:\/\/diarioregionaldigital.com.br\/?p=210002","title":{"rendered":"Com gols de Roger Guedes e Adson, Corinthians vence o Botafogo-SP"},"content":{"rendered":"<p>O Corinthians derrotou o Botafogo-SP por 2 a 0, na noite deste domingo (5) em Itaquera, para chegar \u00e0 terceira vit\u00f3ria consecutiva no Campeonato Paulista, o que lhe mant\u00e9m com folga na lideran\u00e7a do Grupo C da competi\u00e7\u00e3o com 13 pontos em seis partidas.<img decoding=\"async\" src=\"https:\/\/agenciabrasil.ebc.com.br\/ebc.png?id=1508407&amp;o=node\" \/><img decoding=\"async\" src=\"https:\/\/agenciabrasil.ebc.com.br\/ebc.gif?id=1508407&amp;o=node\" \/><\/p>\n<p>Diante de mais de 41 mil torcedores, o Tim\u00e3o construiu a vit\u00f3ria na etapa inicial. Em jogada de ataque r\u00e1pida, Renato Augusto encontra Roger Guedes com um toque de calcanhar. E o camisa 10 avan\u00e7ou at\u00e9 o interior da \u00e1rea, se livrou de um marcador e finalizou com categoria aos 30 minutos.<\/p>\n<p>Seis minutos depois, Adson aproveitou falha da defesa do Botafogo para dominar a bola dentro da \u00e1rea e finalizar com for\u00e7a, n\u00e3o dando nenhuma chance para o goleiro Matheus Albino.<\/p>\n<p>Na pr\u00f3xima rodada o Corinthians ter\u00e1 pela frente o S\u00e3o Bento, a partir das 21h30 (hor\u00e1rio de Bras\u00edlia) de quinta-feira (9) no Est\u00e1dio Primeiro de Maio, em S\u00e3o Bernardo do Campo.<\/p>\n<h2>Vit\u00f3ria suada<\/h2>\n<p>Quem n\u00e3o teve facilidade para somar tr\u00eas pontos neste domingo foi o S\u00e3o Paulo, que bateu o Santo Andr\u00e9 por 1 a 0 gra\u00e7as a um gol do zagueiro Alan Franco nos acr\u00e9scimos da partida. O resultado levou o Tricolor aos 11 pontos, na ponto do Grupo B.<\/p>\n<p><span style=\"font-weight: 400;\">Fonte: Ag\u00eancia Brasil <\/span><\/p>\n","protected":false},"excerpt":{"rendered":"<p>O Corinthians derrotou o Botafogo-SP por 2 a 0, na noite deste domingo (5) em Itaquera, para chegar \u00e0 terceira vit\u00f3ria consecutiva no Campeonato Paulista, o que lhe mant\u00e9m com folga na lideran\u00e7a do Grupo C da competi\u00e7\u00e3o com 13 pontos em seis partidas. Diante de mais de 41 mil torcedores, o Tim\u00e3o construiu a [&hellip;]<\/p>\n","protected":false},"author":246,"featured_media":210003,"comment_status":"closed","ping_status":"closed","sticky":false,"template":"","format":"standard","meta":{"footnotes":""},"categories":[436,257,439],"tags":[],"class_list":["post-210002","post","type-post","status-publish","format-standard","has-post-thumbnail","hentry","category-destaque-da-semana","category-esporte","category-ultima-hora"],"_links":{"self":[{"href":"https:\/\/diarioregionaldigital.com.br\/index.php?rest_route=\/wp\/v2\/posts\/210002","targetHints":{"allow":["GET"]}}],"collection":[{"href":"https:\/\/diarioregionaldigital.com.br\/index.php?rest_route=\/wp\/v2\/posts"}],"about":[{"href":"https:\/\/diarioregionaldigital.com.br\/index.php?rest_route=\/wp\/v2\/types\/post"}],"author":[{"embeddable":true,"href":"https:\/\/diarioregionaldigital.com.br\/index.php?rest_route=\/wp\/v2\/users\/246"}],"replies":[{"embeddable":true,"href":"https:\/\/diarioregionaldigital.com.br\/index.php?rest_route=%2Fwp%2Fv2%2Fcomments&post=210002"}],"version-history":[{"count":1,"href":"https:\/\/diarioregionaldigital.com.br\/index.php?rest_route=\/wp\/v2\/posts\/210002\/revisions"}],"predecessor-version":[{"id":210004,"href":"https:\/\/diarioregionaldigital.com.br\/index.php?rest_route=\/wp\/v2\/posts\/210002\/revisions\/210004"}],"wp:featuredmedia":[{"embeddable":true,"href":"https:\/\/diarioregionaldigital.com.br\/index.php?rest_route=\/wp\/v2\/media\/210003"}],"wp:attachment":[{"href":"https:\/\/diarioregionaldigital.com.br\/index.php?rest_route=%2Fwp%2Fv2%2Fmedia&parent=210002"}],"wp:term":[{"taxonomy":"category","embeddable":true,"href":"https:\/\/diarioregionaldigital.com.br\/index.php?rest_route=%2Fwp%2Fv2%2Fcategories&post=210002"},{"taxonomy":"post_tag","embeddable":true,"href":"https:\/\/diarioregionaldigital.com.br\/index.php?rest_route=%2Fwp%2Fv2%2Ftags&post=210002"}],"curies":[{"name":"wp","href":"https:\/\/api.w.org\/{rel}","templated":true}]}}